{"id":87109,"date":"2020-05-29T09:24:56","date_gmt":"2020-05-29T13:24:56","guid":{"rendered":"https:\/\/linitiative.ca\/International\/ait-taleb-lefficacite-de-la-chloroquine-dans-le-traitement-du-covid-19-peut-etre-prouvee%ef%bb%bf\/"},"modified":"2020-05-29T09:24:56","modified_gmt":"2020-05-29T13:24:56","slug":"ait-taleb-lefficacite-de-la-chloroquine-dans-le-traitement-du-covid-19-peut-etre-prouvee%ef%bb%bf","status":"publish","type":"post","link":"https:\/\/linitiative.ca\/International\/ait-taleb-lefficacite-de-la-chloroquine-dans-le-traitement-du-covid-19-peut-etre-prouvee%ef%bb%bf\/","title":{"rendered":"Ait Taleb: L\u2019efficacit\u00e9 de la chloroquine dans le traitement du Covid-19 peut \u00eatre prouv\u00e9e\ufeff"},"content":{"rendered":"<p class=\"has-text-color has-vivid-red-color c2\"><strong>Commission des secteurs sociaux \u00e0 la Chambre des repr\u00e9sentants<\/strong><\/p>\n<div class=\"wp-block-image\"><img loading=\"lazy\" decoding=\"async\" src=\"http:\/\/albayane.press.ma\/wp-content\/uploads\/Ait-Taleb.jpg\" alt=\"\" class=\"wp-image-90000\" width=\"174\" height=\"103\"\/><\/div>\n<p class=\"has-text-color c3\"><strong>Le ministre de la Sant\u00e9, Khalid Ait Taleb a affirm\u00e9, jeudi \u00e0 Rabat, que l\u2019efficacit\u00e9 de la chloroquine dans le traitement du Covid-19 peut \u00eatre prouv\u00e9e.<\/strong><\/p>\n<p>S\u2019exprimant devant la Commission des secteurs sociaux \u00e0 la Chambre des repr\u00e9sentants, il a indiqu\u00e9 que \u201cle Maroc a assum\u00e9 cette responsabilit\u00e9 en raison de l\u2019efficacit\u00e9 de ce m\u00e9dicament, qui peut \u00eatre prouv\u00e9e\u201d, soulignant que \u201cle Royaume n\u2019a pas pris cette d\u00e9cision par hasard ou parce qu\u2019il n\u2019y avait pas d\u2019alternative, mais parce qu\u2019il existe des essais cliniques qui ont abouti \u00e0 des r\u00e9sultats positifs\u201d.<\/p>\n<p>Le minist\u00e8re dispose d\u2019une s\u00e9rie d\u2019\u00e9tudes men\u00e9es \u00e0 ce sujet et travaille sur trois \u00e9tudes autour de l\u2019utilisation de la chloroquine, a ajout\u00e9 le responsable gouvernemental.<\/p>\n<p>Apr\u00e8s avoir relev\u00e9 que \u201cla chloroquine est utilis\u00e9e depuis longtemps dans le traitement des maladies chroniques et du paludisme, sous certaines des conditions\u201d, M. Ait Taleb a pr\u00e9cis\u00e9 que cette mol\u00e9cule n\u2019avait jamais suscit\u00e9 de controverses avant aujourd\u2019hui, notant qu\u2019un paquet de ce m\u00e9dicament ne co\u00fbte que 12 DH.<\/p>\n<p>Il a, par ailleurs, soulign\u00e9 que l\u2019Organisation mondiale de la sant\u00e9 (OMS) n\u2019avait pas interdit le traitement par la chloroquine, mais elle a suspendu les essais cliniques qu\u2019elle m\u00e8ne \u00e0 ce sujet, parce que le m\u00e9decin demeure l\u2019unique personne qui peut juger de l\u2019efficacit\u00e9 du traitement.<\/p>\n<p>Biologiquement, l\u2019efficacit\u00e9 de la chloroquine est observ\u00e9e lors de la phase initiale de l\u2019infection, puisqu\u2019il a un effet d\u2019inhibition de la r\u00e9plication virale, a not\u00e9 le responsable.<\/p>\n<p>Il a, \u00e9galement, fait observer que les patients gu\u00e9rissent lorsqu\u2019ils utilisent la chloroquine d\u00e8s les premi\u00e8res phases de la maladie, relevant que \u201cle nombre des d\u00e9c\u00e8s au Royaume est parmi les plus faibles au monde et c\u2019est la raison pour laquelle nous ne pouvons pas remettre en question l\u2019efficacit\u00e9 de ce m\u00e9dicament\u201d.<\/p>\n<p>Le ministre a not\u00e9 que des rapports du comit\u00e9 scientifique concernant les cas trait\u00e9s \u00e0 la chloroquine et la dur\u00e9e de traitement seront publi\u00e9s, ajoutant que des mesures ont \u00e9t\u00e9 entreprises pour l\u2019importation de la mati\u00e8re brute du sulfate d\u2019hydroxychloroquine et du Hydroxychloroquine, afin d\u2019\u00e9viter la rupture de stock et assurer le traitement aux patients.<\/p>\n<p>Pour ce qui de la situation \u00e9pid\u00e9miologique au Maroc, M. Ait Taleb a indiqu\u00e9 qu\u2019il existe des indicateurs positifs qui soulignent que la situation est sous contr\u00f4le, d\u2019autant plus que 85% des nouvelles contaminations se comptent parmi les personnes contacts et le Royaume a d\u00e9pass\u00e9 le seuil des 10.000 analyses par jour.<\/p>\n<p>Il a aussi fait savoir qu\u2019un total de 2.531 patients sont actuellement sous suivi m\u00e9dical, soit 8 pour chaque 100.000 habitants, tandis que le taux de r\u00e9mission s\u2019\u00e9l\u00e8ve \u00e0 64% et celui des d\u00e9c\u00e8s a baiss\u00e9 pour se stabiliser entre z\u00e9ro et deux morts par jour.<\/p>\n<p>\u201cCeci s\u2019explique par le fait que l\u2019Enoxaparine est administr\u00e9e par injection aux patients d\u00e8s leur arriv\u00e9e \u00e0 l\u2019h\u00f4pital. Il s\u2019agit d\u2019un anticoagulant qui pr\u00e9vient la formation de caillots dans les vaisseaux sanguins\u201d, a expliqu\u00e9 M. Ait Taleb.<\/p>\n<p>Il a, d\u2019autre part, estim\u00e9 que les mesures pr\u00e9ventives et proactives entreprises par le Royaume ont \u00e9t\u00e9 courageuses, vu que l\u2019objectif \u00e9tait, depuis le d\u00e9but, de prot\u00e9ger le citoyen et reprendre sa confiance dans le secteur de la Sant\u00e9.<\/p>\n<p>S\u2019agissant des conditions \u00e0 remplir pour assouplir le d\u00e9confinement, le ministre a \u00e9voqu\u00e9 la baisse des nouveaux cas de contamination et l\u2019inflexion de l\u2019indicateur de propagation du virus sous la valeur 1, outre la baisse du taux de mortalit\u00e9 \u00e0 3% ou moins.<\/p>\n<p>Il a dans ce sens soulign\u00e9 que la r\u00e9ussite de la lev\u00e9e du confinement sanitaire progressive requiert, aujourd\u2019hui, la reprise de l\u2019activit\u00e9 tout en \u00e9vitant un retour de l\u2019\u00e9pid\u00e9mie.<\/p>\n<p class=\"has-text-color has-vivid-red-color\"><strong>Rapatriement des Marocains bloqu\u00e9s \u00e0 l\u2019\u00e9tranger<\/strong><\/p>\n<p>Par ailleurs, Ait Taleb a d\u00e9menti les informations v\u00e9hicul\u00e9es par des supports m\u00e9diatiques sur le rapatriement chaque semaine de 300 Marocains bloqu\u00e9s \u00e0 l\u2019\u00e9tranger. Dans une d\u00e9claration \u00e0 la MAP, le responsable gouvernemental a affirm\u00e9 que certains m\u00e9dias ont mal interpr\u00e9t\u00e9 ses propos tenus \u00e0 ce sujet au cours d\u2019une r\u00e9union ce jeudi de la Commission des secteurs sociaux \u00e0 la Chambre des repr\u00e9sentants.<\/p>\n<p>Selon lui, le rapatriement de 300 Marocains bloqu\u00e9s chaque semaine n\u2019est qu\u2019une d\u00e9marche technique initi\u00e9e \u00e0 titre provisoire par une commission technique, en attendant que les conditions appropri\u00e9es soient r\u00e9unies pour leur retour.<\/p>\n<p>Toutes les mesures de lutte contre la pand\u00e9mie du Covid-19 ont \u00e9t\u00e9 entreprises en application des Hautes directives royales, a-t-il rappel\u00e9, citant le rapatriement des \u00e9tudiants marocains de Wuhan ainsi que l\u2019initiative men\u00e9e pour que les Marocains bloqu\u00e9s \u00e0 l\u2019\u00e9tranger puissent rentrer au pays.<\/p>\n<p>Ait Taleb a en outre indiqu\u00e9 qu\u2019une commission technique compos\u00e9e de repr\u00e9sentants des minist\u00e8res de la Sant\u00e9, des Affaires \u00e9trang\u00e8res et de l\u2019Int\u00e9rieur se penche sur le dossier et les conditions de s\u00e9curit\u00e9 sanitaire en fonction des possibilit\u00e9s d\u2019h\u00e9bergement des personnes en question dont le retour se d\u00e9roule progressivement.<\/p>\n<p>Cette approche graduelle, a-t-il assur\u00e9, devra favoriser le retour de l\u2019ensemble des Marocains bloqu\u00e9s \u00e0 la M\u00e8re patrie dans des conditions saines, sans pour autant repr\u00e9senter un danger pour eux-m\u00eames, ni pour leurs compatriotes.<\/p>\n<p>Le ministre a rappel\u00e9 que des instructions ont \u00e9t\u00e9 donn\u00e9es pour trouver des solutions aux diff\u00e9rentes probl\u00e9matiques en lien avec la propagation du nouveau coronavirus, y compris le dossier des Marocains coinc\u00e9s \u00e0 l\u2019\u00e9tranger.<\/p>\n<p>Du point de vue technique, l\u2019op\u00e9ration de rapatriement a pu \u00eatre men\u00e9e pour certaines zones, a-t-il dit, affirmant qu\u2019elle va englober progressivement toutes les r\u00e9gions o\u00f9 se trouvent des Marocains bloqu\u00e9s. La commission technique proc\u00e8de selon des crit\u00e8res clairs afin de d\u00e9finir les priorit\u00e9s en la mati\u00e8re, a-t-il conclu.<\/p>\n<p>Auteur: M&rsquo;hammed rahal<br \/>\n<a href=\"http:\/\/albayane.press.ma\/ait-taleb-lefficacite-de-la-chloroquine-dans-le-traitement-du-covid-19-peut-etre-prouvee%EF%BB%BF.html\">Cliquez ici pour lire l&rsquo;article depuis sa source.<\/a><\/p>\n","protected":false},"excerpt":{"rendered":"<p>Commission des secteurs sociaux \u00e0 la Chambre des repr\u00e9sentants Le ministre de la Sant\u00e9, Khalid Ait Taleb a affirm\u00e9, jeudi \u00e0 Rabat, que l\u2019efficacit\u00e9 de la chloroquine dans le traitement du Covid-19 peut \u00eatre prouv\u00e9e. S\u2019exprimant devant la Commission des secteurs sociaux \u00e0 la Chambre des repr\u00e9sentants, il a indiqu\u00e9 que \u201cle Maroc a assum\u00e9 [&hellip;]<\/p>\n","protected":false},"author":1760,"featured_media":87110,"comment_status":"closed","ping_status":"closed","sticky":false,"template":"","format":"standard","meta":{"fifu_image_url":"","fifu_image_alt":"","footnotes":""},"categories":[73,54],"tags":[],"class_list":["post-87109","post","type-post","status-publish","format-standard","has-post-thumbnail","hentry","category-actualite","category-maroc"],"_links":{"self":[{"href":"https:\/\/linitiative.ca\/International\/wp-json\/wp\/v2\/posts\/87109","targetHints":{"allow":["GET"]}}],"collection":[{"href":"https:\/\/linitiative.ca\/International\/wp-json\/wp\/v2\/posts"}],"about":[{"href":"https:\/\/linitiative.ca\/International\/wp-json\/wp\/v2\/types\/post"}],"author":[{"embeddable":true,"href":"https:\/\/linitiative.ca\/International\/wp-json\/wp\/v2\/users\/1760"}],"replies":[{"embeddable":true,"href":"https:\/\/linitiative.ca\/International\/wp-json\/wp\/v2\/comments?post=87109"}],"version-history":[{"count":0,"href":"https:\/\/linitiative.ca\/International\/wp-json\/wp\/v2\/posts\/87109\/revisions"}],"wp:featuredmedia":[{"embeddable":true,"href":"https:\/\/linitiative.ca\/International\/wp-json\/"}],"wp:attachment":[{"href":"https:\/\/linitiative.ca\/International\/wp-json\/wp\/v2\/media?parent=87109"}],"wp:term":[{"taxonomy":"category","embeddable":true,"href":"https:\/\/linitiative.ca\/International\/wp-json\/wp\/v2\/categories?post=87109"},{"taxonomy":"post_tag","embeddable":true,"href":"https:\/\/linitiative.ca\/International\/wp-json\/wp\/v2\/tags?post=87109"}],"curies":[{"name":"wp","href":"https:\/\/api.w.org\/{rel}","templated":true}]}}