{"id":87111,"date":"2020-05-29T09:34:51","date_gmt":"2020-05-29T13:34:51","guid":{"rendered":"https:\/\/linitiative.ca\/International\/un-commissariat-incendie-apres-la-mort-dun-homme-noir-aux-mains-de-la-police%ef%bb%bf\/"},"modified":"2020-05-29T09:34:51","modified_gmt":"2020-05-29T13:34:51","slug":"un-commissariat-incendie-apres-la-mort-dun-homme-noir-aux-mains-de-la-police%ef%bb%bf","status":"publish","type":"post","link":"https:\/\/linitiative.ca\/International\/un-commissariat-incendie-apres-la-mort-dun-homme-noir-aux-mains-de-la-police%ef%bb%bf\/","title":{"rendered":"Un commissariat incendi\u00e9 apr\u00e8s la mort d\u2019un homme noir aux mains de la police\ufeff"},"content":{"rendered":"<p class=\"has-text-color has-vivid-cyan-blue-color\"><strong>Des manifestants ont incendi\u00e9 jeudi soir un commissariat de Minneapolis (nord des Etats-Unis), lors de la troisi\u00e8me nuit d\u2019affrontements contre la police, aux mains de laquelle est mort un Noir lors d\u2019une interpellation muscl\u00e9e.<\/strong><\/p>\n<p>Des milliers de personnes ont assist\u00e9 \u00e0 l\u2019incendie dans les quartiers nord de la ville, apr\u00e8s que certaines d\u2019entre elles eurent forc\u00e9 les barri\u00e8res qui prot\u00e9geaient le b\u00e2timent et bris\u00e9 ses vitres. Les policiers avaient d\u00e9sert\u00e9 l\u2019endroit, selon les forces de l\u2019ordre. \u00abPeu apr\u00e8s 22h00, dans l\u2019int\u00e9r\u00eat de la s\u00e9curit\u00e9 de notre personnel, la police de Minneapolis a \u00e9vacu\u00e9 le commissariat 3\u00bb, a indiqu\u00e9 cette derni\u00e8re dans un commuiqu\u00e9.<\/p>\n<p>Les manifestations avaient auparavant \u00e9t\u00e9 majoritairement pacifiques, avec des foules contenues par des cha\u00eenes d\u2019hommes en uniforme. Mais il y a eu des heurts, avec le pillage d\u2019une trentaine de magasins et des incendies, et l\u2019usage de gaz lacrymog\u00e8ne par la police au niveau du commissariat o\u00f9 travaillent les policiers mis en cause.<\/p>\n<p>Le d\u00e9fil\u00e9 avait commenc\u00e9 en fin d\u2019apr\u00e8s-midi, avec de nombreux manifestants portant un masque pour se prot\u00e9ger du coronavirus, tandis que dans la ville voisine de Saint Paul la police faisait \u00e9tat de d\u00e9g\u00e2ts et de vols. \u00abNous savons qu\u2019il y a beaucoup de col\u00e8re. Nous savons qu\u2019il y a beaucoup de blessures. Mais nous ne pouvons tol\u00e9rer que certains s\u2019en servent comme occasion pour perp\u00e9trer des d\u00e9lits\u00bb, a d\u00e9plor\u00e9 le directeur de la police de cette ville, Todd Axtel.<\/p>\n<p>Le gouverneur de l\u2019Etat du Minnesota Tim Walz a sign\u00e9 un d\u00e9cret pour autoriser l\u2019intervention de la garde nationale. Deux cent policiers de l\u2019Etat, ainsi que des h\u00e9licopt\u00e8res, doivent \u00e9galement \u00eatre envoy\u00e9s sur place. \u00abLa mort de Gorge Floyd doit apporter de la justice et des r\u00e9formes de fond, pas plus de morts et de destruction\u00bb, a-t-il estim\u00e9 dans un communiqu\u00e9.<\/p>\n<p>Cet Afro-Am\u00e9ricain de 46 ans est d\u00e9c\u00e9d\u00e9 lundi soir juste apr\u00e8s avoir \u00e9t\u00e9 arr\u00eat\u00e9 par la police, qui le soup\u00e7onnait d\u2019avoir voulu \u00e9couler un faux billet de 20 dollars. Lors de l\u2019intervention, il a \u00e9t\u00e9 plaqu\u00e9 au sol par un agent qui a maintenu son genou sur son cou pendant de longues minutes. \u00abJe ne peux plus respirer\u00bb, l\u2019entend-on dire sur un enregistrement de la sc\u00e8ne, devenu viral.<\/p>\n<p>Le pr\u00e9sident Donald Trump \u00aba \u00e9t\u00e9 indign\u00e9 quand il a vu la vid\u00e9o\u00bb de ce drame \u00abodieux, tragique\u00bb, a fait savoir sa porte-parole Kayleigh McEnany. \u00abIl a imm\u00e9diatement pris son t\u00e9l\u00e9phone\u00bb pour s\u2019assurer que l\u2019enqu\u00eate du FBI avan\u00e7ait vite, a-t-elle poursuivi: \u00abIl veut que justice soit rendue\u00bb.<\/p>\n<p>Les quatre agents impliqu\u00e9s ont \u00e9t\u00e9 licenci\u00e9s et les autorit\u00e9s locales et f\u00e9d\u00e9rales enqu\u00eatent sur le drame. Mais aucune inculpation n\u2019a encore eu lieu, ce qui alimente la col\u00e8re et les frustrations.<\/p>\n<p>\u00abCes policiers, il faut les arr\u00eater imm\u00e9diatement\u00bb a d\u00e9clar\u00e9 Philonise Floyd sur CNN en r\u00e9clamant, entre deux sanglots, la peine capitale pour les responsables de la mort de son fr\u00e8re.<\/p>\n<p>\u00abTout le monde souffre, c\u2019est pour \u00e7a que tout \u00e7a arrive. J\u2019en ai assez de voir les hommes noirs mourir\u00bb, a-t-il ajout\u00e9. \u00abJe voudrais qu\u2019ils [les manifestants] soient pacifiques mais je ne peux pas les forcer, c\u2019est dur\u00bb.<\/p>\n<p>Comme lui, la Haut-Commissaire de l\u2019ONU aux droits de l\u2019homme a fait le lien avec une s\u00e9rie d\u2019autres drames qui ont raviv\u00e9 les plaies raciales aux Etats-Unis.<\/p>\n<p>\u00abC\u2019est le dernier d\u2019une longue s\u00e9rie de meurtres d\u2019Afro-Am\u00e9ricains non arm\u00e9s commis par des policiers am\u00e9ricains\u00bb et des citoyens lambda, a regrett\u00e9 Michelle Bachelet dans un communiqu\u00e9. \u00abLes autorit\u00e9s am\u00e9ricaines doivent prendre des mesures s\u00e9rieuses pour mettre fin \u00e0 ces meurtres, et pour s\u2019assurer que justice soit faite lorsqu\u2019ils se produisent\u00bb.<\/p>\n<p>L\u2019affaire rappelle notamment la mort d\u2019Eric Garner, un homme noir d\u00e9c\u00e9d\u00e9 en 2014 \u00e0 New York apr\u00e8s avoir \u00e9t\u00e9 asphyxi\u00e9 lors de son arrestation par des policiers blancs. Lui aussi avait dit \u00e0 l\u2019\u00e9poque \u00abJe ne peux pas respirer\u00bb, une phrase devenue un cri de ralliement du mouvement Black Lives Matter (\u00abLa vie des Noirs compte\u00bb).<br \/>Le Minnesota avait \u00e9galement \u00e9t\u00e9 marqu\u00e9 par la mort en 2016 d\u2019un automobiliste noir, Philando Castile, abattu lors d\u2019un banal contr\u00f4le de police sous les yeux de sa compagne et d\u2019une fillette.<\/p>\n<p>Le r\u00e9v\u00e9rend Jesse Jackson, arriv\u00e9 \u00e0 Minneapolis, a appel\u00e9 \u00e0 poursuivre les manifestations. Il a d\u00e9nonc\u00e9 un \u00ablynchage en plein jour\u00bb, et r\u00e9clam\u00e9 justice. \u00abNous avons dit au gouverneur qu\u2019il faut appeler meurtre un meurtre\u00bb, a-t-il lanc\u00e9 aux fid\u00e8les d\u2019une \u00e9glise baptiste.<\/p>\n<p>Le chef de la police de Minneapolis, Medaria Arradondo, a reconnu jeudi qu\u2019il y avait \u00abun d\u00e9ficit d\u2019espoir\u00bb dans sa ville et que ses \u00e9quipes y avaient contribu\u00e9.<br \/>Tout en assurant respecter le droit des habitants \u00e0 manifester et \u00e0 exprimer leur douleur, il a ajout\u00e9 qu\u2019il \u00abn\u2019autoriserait aucun acte criminel\u00bb susceptible d\u2019aggraver le traumatisme de la population.<\/p>\n<p>Mercredi \u00e0 Minneapolis, un homme est d\u00e9c\u00e9d\u00e9 apr\u00e8s avoir \u00e9t\u00e9 touch\u00e9 par balle \u00e0 proximit\u00e9 des manifestations et un suspect a \u00e9t\u00e9 arr\u00eat\u00e9.<\/p>\n<p>A Los Angeles, des manifestants ont bloqu\u00e9 bri\u00e8vement mercredi une autoroute et bris\u00e9 les vitres de deux v\u00e9hicules de police.<\/p>\n<p class=\"c2\">(AFP)<\/p>\n<p>Auteur: M&rsquo;hammed rahal<br \/>\n<a href=\"http:\/\/albayane.press.ma\/un-commissariat-incendie-apres-la-mort-dun-homme-noir-aux-mains-de-la-police%EF%BB%BF.html\">Cliquez ici pour lire l&rsquo;article depuis sa source.<\/a><\/p>\n","protected":false},"excerpt":{"rendered":"<p>Des manifestants ont incendi\u00e9 jeudi soir un commissariat de Minneapolis (nord des Etats-Unis), lors de la troisi\u00e8me nuit d\u2019affrontements contre la police, aux mains de laquelle est mort un Noir lors d\u2019une interpellation muscl\u00e9e. Des milliers de personnes ont assist\u00e9 \u00e0 l\u2019incendie dans les quartiers nord de la ville, apr\u00e8s que certaines d\u2019entre elles eurent [&hellip;]<\/p>\n","protected":false},"author":1760,"featured_media":0,"comment_status":"closed","ping_status":"closed","sticky":false,"template":"","format":"standard","meta":{"fifu_image_url":"","fifu_image_alt":"","footnotes":""},"categories":[73,54],"tags":[],"class_list":["post-87111","post","type-post","status-publish","format-standard","hentry","category-actualite","category-maroc"],"_links":{"self":[{"href":"https:\/\/linitiative.ca\/International\/wp-json\/wp\/v2\/posts\/87111","targetHints":{"allow":["GET"]}}],"collection":[{"href":"https:\/\/linitiative.ca\/International\/wp-json\/wp\/v2\/posts"}],"about":[{"href":"https:\/\/linitiative.ca\/International\/wp-json\/wp\/v2\/types\/post"}],"author":[{"embeddable":true,"href":"https:\/\/linitiative.ca\/International\/wp-json\/wp\/v2\/users\/1760"}],"replies":[{"embeddable":true,"href":"https:\/\/linitiative.ca\/International\/wp-json\/wp\/v2\/comments?post=87111"}],"version-history":[{"count":0,"href":"https:\/\/linitiative.ca\/International\/wp-json\/wp\/v2\/posts\/87111\/revisions"}],"wp:attachment":[{"href":"https:\/\/linitiative.ca\/International\/wp-json\/wp\/v2\/media?parent=87111"}],"wp:term":[{"taxonomy":"category","embeddable":true,"href":"https:\/\/linitiative.ca\/International\/wp-json\/wp\/v2\/categories?post=87111"},{"taxonomy":"post_tag","embeddable":true,"href":"https:\/\/linitiative.ca\/International\/wp-json\/wp\/v2\/tags?post=87111"}],"curies":[{"name":"wp","href":"https:\/\/api.w.org\/{rel}","templated":true}]}}