{"id":87112,"date":"2020-05-29T09:41:00","date_gmt":"2020-05-29T13:41:00","guid":{"rendered":"https:\/\/linitiative.ca\/International\/chine-etats-unis-une-nouvelle-guerre-froide-est-en-marche\/"},"modified":"2020-05-29T09:41:00","modified_gmt":"2020-05-29T13:41:00","slug":"chine-etats-unis-une-nouvelle-guerre-froide-est-en-marche","status":"publish","type":"post","link":"https:\/\/linitiative.ca\/International\/chine-etats-unis-une-nouvelle-guerre-froide-est-en-marche\/","title":{"rendered":"Chine-Etats-Unis: Une nouvelle guerre froide est en marche\u2026"},"content":{"rendered":"<p class=\"has-text-color c2\"><strong>Si la bataille commerciale lanc\u00e9e contre la Chine par Donald Trump p\u00e9nalise lourdement le commerce international, force est de reconna\u00eetre qu\u2019avec les critiques du pr\u00e9sident am\u00e9ricain portant sur la gestion, par P\u00e9kin, de la pand\u00e9mie du coronavirus et les menaces de ce dernier de couper \u00abtoute relation\u00bb avec l\u2019empire du milieu, c\u2019est le spectre d\u2019une \u00abnouvelle guerre froide\u00bb qui plane sur les relations internationales.<\/strong><\/p>\n<p>Ainsi, au lieu d\u2019apaiser les tensions entre les pays en leur permettant de conjuguer leurs efforts pour venir \u00e0 bout du Covid-19, la crise sanitaire mondiale semble, au contraire, avoir donn\u00e9 un s\u00e9rieux coup de pouce \u00e0 la traditionnelle rivalit\u00e9 entre Washington et P\u00e9kin sur les plans id\u00e9ologique, g\u00e9opolitique, commercial et technologique.<\/p>\n<p>Ayant \u00e9prouv\u00e9 d\u2019insurmontables difficult\u00e9s \u00e0 endiguer la propagation sur le territoire des Etats-Unis du nouveau coronavirus qui a caus\u00e9 plus de 100.000 morts, Donald Trump a imm\u00e9diatement imput\u00e9 \u00abcette tuerie de masse \u00e0 l\u2019\u00e9chelle mondiale (\u00e0) l\u2019incomp\u00e9tence de la Chine\u00bb qui aurait laiss\u00e9 s\u2019\u00e9chapper ce virus d\u2019un laboratoire de Wuhan ; ce que P\u00e9kin d\u00e9ment formellement.<\/p>\n<p>Aussi, en fustigeant, ce dimanche, le \u00abvirus politique (am\u00e9ricain) qui saisit toutes les occasions pour attaquer et diffamer\u00bb l\u2019empire du milieu, le ministre chinois des Affaires \u00e9trang\u00e8res a estim\u00e9 que leurs deux pays sont \u00abau bord d\u2019une nouvelle guerre froide\u00bb.<\/p>\n<p>Mais il n\u2019y a pas que la pand\u00e9mie du nouveau coronavirus et le nombre de morts que celui-ci a fait sur le territoire des Etats-Unis qui a donn\u00e9 l\u2019occasion \u00e0 l\u2019affrontement traditionnel entre P\u00e9kin et Washington de redoubler d\u2019intensit\u00e9.<\/p>\n<p>Ainsi, des faits de politique int\u00e9rieure ont \u00e9galement permis \u00e0 la bataille communicationnelle entre les deux pays de faire rage en ce moment o\u00f9, d\u2019un c\u00f4t\u00e9, le pr\u00e9sident am\u00e9ricain fait campagne pour sa r\u00e9\u00e9lection alors que, de l\u2019autre, le r\u00e9gime communiste chinois entend d\u00e9montrer la sup\u00e9riorit\u00e9 de son syst\u00e8me.<\/p>\n<p>Or, cette sup\u00e9riorit\u00e9 s\u2019est trouv\u00e9e bien mise \u00e0 mal par ce projet de loi sur la \u00abs\u00e9curit\u00e9 nationale\u00bb \u00e0 Hong Kong en vertu duquel P\u00e9kin entend r\u00e9duire drastiquement les libert\u00e9s dans l\u2019ancienne colonie britannique soumise, depuis sa r\u00e9trocession \u00e0 la Chine, au syst\u00e8me \u00abun pays, deux syst\u00e8mes\u00bb. Fortement d\u00e9nonc\u00e9e par Washington, l\u2019adoption de cette loi donnera lieu \u00e0 des repr\u00e9sailles am\u00e9ricaines qui viseraient \u00e0 mettre fin au statut sp\u00e9cial dont b\u00e9n\u00e9ficiait la place financi\u00e8re de Hong Kong et qui lui permettaient d\u2019\u00e9chapper aux sanctions commerciales am\u00e9ricaines.<\/p>\n<p>Craignant que l\u2019affrontement entre P\u00e9kin et la Maison Blanche d\u00e9borde et qu\u2019il finisse par envenimer les relations internationales, Jean-Yves Le Drian, le chef de la diplomatie fran\u00e7aise a d\u00e9nonc\u00e9, ce dimanche, devant la Commission des Affaires \u00e9trang\u00e8res et de la D\u00e9fense du S\u00e9nat, les tensions grandissantes entre Washington et P\u00e9kin et leur \u00ablogique d\u2019affrontement bipolaire\u00bb qui rappelle l\u2019antagonisme am\u00e9ricano-sovi\u00e9tique de la deuxi\u00e8me moiti\u00e9 du si\u00e8cle dernier. Aussi, le ministre fran\u00e7ais a-t-il exhort\u00e9 l\u2019Union Europ\u00e9enne \u00e0 affirmer son \u00abautonomie\u00bb, \u00e0 \u00abdire non \u00e0 la radicalisation des positionnements\u00bb et, enfin, \u00e0 faire \u00abvaloir ses propres int\u00e9r\u00eats\u00bb afin de ne point \u00abse faire instrumentaliser\u00bb dans le conflit qui oppose les deux pays.<\/p>\n<p>Les int\u00e9r\u00eats g\u00e9ostrat\u00e9giques des pays de l\u2019U.E. et les positionnements des uns et des autres qui en d\u00e9couleraient ne risquent-ils pas, \u00e0 terme, de conduire \u00e0 un \u00e9clatement de l\u2019alliance europ\u00e9enne comme aux temps de la guerre froide ? Rien pour l\u2019heure ne permet d\u2019en douter notamment apr\u00e8s le chacun-pour-soi qui a pr\u00e9valu au d\u00e9but de cette crise sanitaire mondiale mais attendons pour voir\u2026<\/p>\n<p class=\"c3\"><strong>Nabil El Bousaadi<\/strong><\/p>\n<p>Auteur: M&rsquo;hammed rahal<br \/>\n<a href=\"http:\/\/albayane.press.ma\/chine-etats-unis-une-nouvelle-guerre-froide-est-en-marche.html\">Cliquez ici pour lire l&rsquo;article depuis sa source.<\/a><\/p>\n","protected":false},"excerpt":{"rendered":"<p>Si la bataille commerciale lanc\u00e9e contre la Chine par Donald Trump p\u00e9nalise lourdement le commerce international, force est de reconna\u00eetre qu\u2019avec les critiques du pr\u00e9sident am\u00e9ricain portant sur la gestion, par P\u00e9kin, de la pand\u00e9mie du coronavirus et les menaces de ce dernier de couper \u00abtoute relation\u00bb avec l\u2019empire du milieu, c\u2019est le spectre d\u2019une [&hellip;]<\/p>\n","protected":false},"author":1760,"featured_media":0,"comment_status":"closed","ping_status":"closed","sticky":false,"template":"","format":"standard","meta":{"fifu_image_url":"","fifu_image_alt":"","footnotes":""},"categories":[73,54],"tags":[],"class_list":["post-87112","post","type-post","status-publish","format-standard","hentry","category-actualite","category-maroc"],"_links":{"self":[{"href":"https:\/\/linitiative.ca\/International\/wp-json\/wp\/v2\/posts\/87112","targetHints":{"allow":["GET"]}}],"collection":[{"href":"https:\/\/linitiative.ca\/International\/wp-json\/wp\/v2\/posts"}],"about":[{"href":"https:\/\/linitiative.ca\/International\/wp-json\/wp\/v2\/types\/post"}],"author":[{"embeddable":true,"href":"https:\/\/linitiative.ca\/International\/wp-json\/wp\/v2\/users\/1760"}],"replies":[{"embeddable":true,"href":"https:\/\/linitiative.ca\/International\/wp-json\/wp\/v2\/comments?post=87112"}],"version-history":[{"count":0,"href":"https:\/\/linitiative.ca\/International\/wp-json\/wp\/v2\/posts\/87112\/revisions"}],"wp:attachment":[{"href":"https:\/\/linitiative.ca\/International\/wp-json\/wp\/v2\/media?parent=87112"}],"wp:term":[{"taxonomy":"category","embeddable":true,"href":"https:\/\/linitiative.ca\/International\/wp-json\/wp\/v2\/categories?post=87112"},{"taxonomy":"post_tag","embeddable":true,"href":"https:\/\/linitiative.ca\/International\/wp-json\/wp\/v2\/tags?post=87112"}],"curies":[{"name":"wp","href":"https:\/\/api.w.org\/{rel}","templated":true}]}}