{"id":87113,"date":"2020-05-29T11:12:44","date_gmt":"2020-05-29T15:12:44","guid":{"rendered":"https:\/\/linitiative.ca\/International\/%ef%bb%bfun-expert-met-en-evidence-la-responsabilite-imprescriptible-de-lalgerie\/"},"modified":"2020-05-29T11:12:44","modified_gmt":"2020-05-29T15:12:44","slug":"%ef%bb%bfun-expert-met-en-evidence-la-responsabilite-imprescriptible-de-lalgerie","status":"publish","type":"post","link":"https:\/\/linitiative.ca\/International\/%ef%bb%bfun-expert-met-en-evidence-la-responsabilite-imprescriptible-de-lalgerie\/","title":{"rendered":"\ufeffUn expert met en \u00e9vidence la responsabilit\u00e9 imprescriptible de l\u2019Alg\u00e9rie"},"content":{"rendered":"<p class=\"has-text-color has-vivid-red-color c2\"><strong>La gen\u00e8se et le maintien du diff\u00e9rend r\u00e9gional autour du Sahara marocain<\/strong><\/p>\n<p class=\"has-text-color c3\"><strong>Le Pr\u00e9sident de l\u2019Institut Africain pour la Consolidation de la Paix et de la Transformation des Conflits, Dr. Mohammed Ahmed Gain, a mis en relief la responsabilit\u00e9 flagrante et imprescriptible de l\u2019Alg\u00e9rie dans le diff\u00e9rend r\u00e9gional sur le Sahara marocain.<\/strong><\/p>\n<p>C\u2019est l\u2019Alg\u00e9rie, anim\u00e9e par des desseins d\u2019h\u00e9g\u00e9monie r\u00e9gionale, qui a cr\u00e9\u00e9 le polisario, qui continue de lui fournir un appui politique, militaire, et financier, et qui ne cesse de mobiliser l\u2019ensemble de son appareil diplomatique en faveur des th\u00e8ses s\u00e9paratistes, a indiqu\u00e9 le sp\u00e9cialiste en conflits dans une analyse livr\u00e9e au \u00abSahara Debate\u00bb, une \u00e9mission citoyenne diffus\u00e9e deux fois par semaine sur les r\u00e9seaux sociaux.<\/p>\n<p>Pour ce professeur universitaire, l\u2019Alg\u00e9rie est, aujourd\u2019hui, isol\u00e9e sur la sc\u00e8ne internationale dans son appui au polisario et \u00e0 ses th\u00e8ses \u00e9cul\u00e9es.<\/p>\n<p>En continuant de d\u00e9fendre \u00e0 bout de bras des options caduques et \u00e9cul\u00e9es, l\u2019Alg\u00e9rie est responsable de la persistance de ce diff\u00e9rend r\u00e9gional et contribue \u00e0 l\u2019instabilit\u00e9 de la r\u00e9gion, a-t-il dit, rappelant dans ce sens que le Conseil de S\u00e9curit\u00e9 des Nations Unies et avec lui l\u2019ensemble de la communaut\u00e9 internationale a abandonn\u00e9 depuis 2001 l\u2019option du r\u00e9f\u00e9rendum, et appelle d\u00e9sormais les parties \u00e0 \u0153uvrer pour parvenir \u00e0 une solution politique r\u00e9aliste, pragmatique, durable et bas\u00e9e sur le compromis.<\/p>\n<p>L\u2019Alg\u00e9rie dissimule ses vell\u00e9it\u00e9s g\u00e9opolitiques derri\u00e8re une conception trompeuse du principe d\u2019autod\u00e9termination, a tranch\u00e9 le professeur universitaire, ajoutant au passage que l\u2019autod\u00e9termination n\u2019a jamais \u00e9t\u00e9 synonyme de r\u00e9f\u00e9rendum pour les Nations Unies.<\/p>\n<p>L\u2019expert a ainsi contrast\u00e9 l\u2019initiative marocaine d\u2019autonomie qui satisfait le principe de l\u2019autod\u00e9termination avec ses promesses de r\u00e9conciliation, de s\u00e9curit\u00e9, de d\u00e9veloppement, et de bonne gouvernance, avec l\u2019option destructrice du r\u00e9f\u00e9rendum d\u00e9fendue par l\u2019Alg\u00e9rie et le polisario, qui, en plus d\u2019\u00eatre irr\u00e9aliste, ne peut que semer la division et l\u2019instabilit\u00e9 dans la r\u00e9gion.<\/p>\n<p>M. Gain s\u2019est \u00e9galement interrog\u00e9 sur les intentions r\u00e9elles du pouvoir alg\u00e9rien, qui se positionne comme \u00abd\u00e9fenseur des droits des peuples\u00bb dans ce diff\u00e9rend r\u00e9gional \u00e0 l\u2019heure o\u00f9 la mobilisation des Alg\u00e9riens pour la d\u00e9mocratie et la justice sociale ne donne aucun signe d\u2019infl\u00e9chissement depuis plus d\u2019une ann\u00e9e.<\/p>\n<p>L\u2019universitaire s\u2019est de surcro\u00eet interrog\u00e9 quant au cr\u00e9dit \u00e0 donner aux revendications du polisario \u00e0 la repr\u00e9sentativit\u00e9, lorsque \u00abce groupe viole les droits de la population des camps de Tindouf, d\u00e9tourne les aides humanitaires, utilise des outils ind\u00e9cents pour perp\u00e9tuer leur mainmise sur les camps, et ne laissent aucun espace pour la remise en question de ses choix\u00bb.<\/p>\n<p>Preuve de la vacuit\u00e9 des revendications du polisario \u00e0 la repr\u00e9sentativit\u00e9, la Cour de Justice de l\u2019Union Europ\u00e9enne a rejet\u00e9 le recours interjet\u00e9 par ce groupe arm\u00e9 contre le renouvellement des Accords agricole et de p\u00eache Maroc-UE pour \u00abd\u00e9faut de qualit\u00e9 pour agir\u00bb. Pour M. Gain, les seuls repr\u00e9sentants l\u00e9gitimes des populations du Sahara marocain sont les \u00e9lus locaux, par l\u2019interm\u00e9diaire desquels elles participent \u00e0 l\u2019\u00e9laboration et \u00e0 la mise en \u0153uvre de politiques de d\u00e9veloppement ambitieuses, innovantes et participatives dans le cadre du Nouveau Mod\u00e8le de D\u00e9veloppement des Provinces du Sud lanc\u00e9 par Sa Majest\u00e9 le Roi en 2015.<\/p>\n<p>Il sied de rappeler que le Comit\u00e9 des Vingt-Quatre de l\u2019ONU a invit\u00e9 deux \u00e9lus locaux du Sahara marocain, M. Mhammed Abba et Mme Ghalla Bahiya, en tant que repr\u00e9sentants de la population de la r\u00e9gion aux travaux du S\u00e9minaire r\u00e9gional du Comit\u00e9 tenu \u00e0 Grenade en mai 2019 et \u00e0 sa session de fonds tenue \u00e0 New York en juin 2019.<\/p>\n<p>Gain a soulign\u00e9 que les populations des camps de Tindouf ne sont pas dupes des dynamiques r\u00e9elles du diff\u00e9rend r\u00e9gional, comme en t\u00e9moigne la vague de contestation qui traverse actuellement les camps.<\/p>\n<p>Conscientes de la nature mercenaire du polisario, les populations des camps de Tindouf contestent activement la pr\u00e9tention \u00e0 la repr\u00e9sentativit\u00e9 de ce groupe arm\u00e9 \u00e0 la solde des g\u00e9n\u00e9raux alg\u00e9riens, comme en t\u00e9moigne la cr\u00e9ation r\u00e9cente de mouvements et d\u2019initiatives explicitement dirig\u00e9es contre cette milice.<\/p>\n<p>Dans leur qu\u00eate de libert\u00e9, les populations des camps de Tindouf se heurtent \u00e0 la r\u00e9pression f\u00e9roce du polisario. Dans cette zone de non-droit, dont les acc\u00e8s et les sorties sont interdits \u00e0 la fois par le cordon s\u00e9curitaire de l\u2019arm\u00e9e alg\u00e9rienne et par celui du polisario, les populations sont quotidiennement menac\u00e9es de d\u00e9tention arbitraire, de disparition forc\u00e9es, de tortures, et d\u2019ex\u00e9cution extrajudiciaire avec la complicit\u00e9 active de l\u2019Alg\u00e9rie, d\u00e9plore le professeur universitaire.<\/p>\n<p>Selon lui, cette situation est rendue possible par la d\u00e9l\u00e9gation de l\u2019Alg\u00e9rie de l\u2019autorit\u00e9 sur les camps de Tindouf au polisario en violation du droit international humanitaire, notamment la Convention sur le Statut des R\u00e9fugi\u00e9s de 1951, qui pr\u00e9voit que l\u2019Etat-h\u00f4te est d\u00e9tenteur de l\u2019obligation de protection des populations se trouvant sur son territoire.<\/p>\n<p>Il convient aussi de rappeler qu\u2019en l\u2019absence de r\u00e9serve sur l\u2019application territoriale de la Convention, il est interdit \u00e0 l\u2019Alg\u00e9rie de transf\u00e9rer sa souverainet\u00e9 \u00e0 une entit\u00e9 non-\u00e9tatique, militaire de surcro\u00eet, sur son territoire.<\/p>\n<p>Gain a relev\u00e9 \u00e0 cet \u00e9gard que le Comit\u00e9 des Droits de l\u2019Homme des Nations Unies a exprim\u00e9 dans ses Observations finales concernant le quatri\u00e8me rapport p\u00e9riodique de l\u2019Alg\u00e9rie qu\u2019il a adopt\u00e9es lors de sa 123\u00e8me session en 2018 \u00abses pr\u00e9occupations quant \u00e0 la d\u00e9volution de facto par l\u2019Alg\u00e9rie de ses pouvoirs, notamment juridictionnels au polisario\u00bb.<\/p>\n<p>Le Pr\u00e9sident de l\u2019Institut Africain pour la Consolidation de la Paix et de la Transformation des Conflits a livr\u00e9 cette analyse dans le cadre du \u00abSahara Debate\u00bb, une \u00e9mission citoyenne qui se veut une plateforme ouverte et d\u00e9mocratique pour apporter des \u00e9clairages sereins et d\u00e9passionn\u00e9s sur la Question du Sahara marocain.<\/p>\n<p>Auteur: M&rsquo;hammed rahal<br \/>\n<a href=\"http:\/\/albayane.press.ma\/%EF%BB%BFun-expert-met-en-evidence-la-responsabilite-imprescriptible-de-lalgerie.html\">Cliquez ici pour lire l&rsquo;article depuis sa source.<\/a><\/p>\n","protected":false},"excerpt":{"rendered":"<p>La gen\u00e8se et le maintien du diff\u00e9rend r\u00e9gional autour du Sahara marocain Le Pr\u00e9sident de l\u2019Institut Africain pour la Consolidation de la Paix et de la Transformation des Conflits, Dr. Mohammed Ahmed Gain, a mis en relief la responsabilit\u00e9 flagrante et imprescriptible de l\u2019Alg\u00e9rie dans le diff\u00e9rend r\u00e9gional sur le Sahara marocain. C\u2019est l\u2019Alg\u00e9rie, anim\u00e9e [&hellip;]<\/p>\n","protected":false},"author":1760,"featured_media":0,"comment_status":"closed","ping_status":"closed","sticky":false,"template":"","format":"standard","meta":{"fifu_image_url":"","fifu_image_alt":"","footnotes":""},"categories":[73,54],"tags":[],"class_list":["post-87113","post","type-post","status-publish","format-standard","hentry","category-actualite","category-maroc"],"_links":{"self":[{"href":"https:\/\/linitiative.ca\/International\/wp-json\/wp\/v2\/posts\/87113","targetHints":{"allow":["GET"]}}],"collection":[{"href":"https:\/\/linitiative.ca\/International\/wp-json\/wp\/v2\/posts"}],"about":[{"href":"https:\/\/linitiative.ca\/International\/wp-json\/wp\/v2\/types\/post"}],"author":[{"embeddable":true,"href":"https:\/\/linitiative.ca\/International\/wp-json\/wp\/v2\/users\/1760"}],"replies":[{"embeddable":true,"href":"https:\/\/linitiative.ca\/International\/wp-json\/wp\/v2\/comments?post=87113"}],"version-history":[{"count":0,"href":"https:\/\/linitiative.ca\/International\/wp-json\/wp\/v2\/posts\/87113\/revisions"}],"wp:attachment":[{"href":"https:\/\/linitiative.ca\/International\/wp-json\/wp\/v2\/media?parent=87113"}],"wp:term":[{"taxonomy":"category","embeddable":true,"href":"https:\/\/linitiative.ca\/International\/wp-json\/wp\/v2\/categories?post=87113"},{"taxonomy":"post_tag","embeddable":true,"href":"https:\/\/linitiative.ca\/International\/wp-json\/wp\/v2\/tags?post=87113"}],"curies":[{"name":"wp","href":"https:\/\/api.w.org\/{rel}","templated":true}]}}