{"id":87115,"date":"2020-05-29T08:34:48","date_gmt":"2020-05-29T12:34:48","guid":{"rendered":"https:\/\/linitiative.ca\/International\/entreprises-et-professionnels-nouvelle-forme-de-financements-exceptionnels\/"},"modified":"2020-05-29T08:34:48","modified_gmt":"2020-05-29T12:34:48","slug":"entreprises-et-professionnels-nouvelle-forme-de-financements-exceptionnels","status":"publish","type":"post","link":"https:\/\/linitiative.ca\/International\/entreprises-et-professionnels-nouvelle-forme-de-financements-exceptionnels\/","title":{"rendered":"Entreprises et professionnels : Nouvelle forme de financements exceptionnels"},"content":{"rendered":"<p>Les banques sont autoris\u00e9es, en vertu d\u2019une circulaire publi\u00e9e, jeudi 28 mai 2020, par la BCT, \u00e0 accorder aux entreprises et aux professionnels de nouveaux financements exceptionnels couvrant exclusivement les besoins justifi\u00e9s li\u00e9s au financement du cycle d\u2019exploitation.<\/p>\n<p>L\u2019objectif de cette d\u00e9cision, qui s\u2019inscrit dans le cadre de la poursuite du soutien de l\u2019\u00e9conomie et pour permettre au secteur bancaire de mieux accompagner les entreprises et couvrir leurs besoins exceptionnels, est d\u2019assurer la p\u00e9rennit\u00e9 du tissu \u00e9conomique et la pr\u00e9servation de la stabilit\u00e9 financi\u00e8re, a indiqu\u00e9 la BCT, dans un communiqu\u00e9.<\/p>\n<p>Le montant des financements exceptionnels et la dur\u00e9e de remboursement seront fix\u00e9s au cas par cas en fonction des besoins du client et de l\u2019\u00e9volution de la situation du secteur dans lequel il op\u00e8re tout en respectant des r\u00e8gles cit\u00e9es par la BCT, a-t-on pr\u00e9cis\u00e9.<\/p>\n<p>Selon ces r\u00e8gles le montant des financements ne doit pas d\u00e9passer le plafond de 25% du chiffre d\u2019affaires en hors taxes r\u00e9alis\u00e9 en 2019 ou l\u2019\u00e9quivalent de la masse salariale pendant 6 mois pour les entreprises entr\u00e9es en activit\u00e9 apr\u00e8s janvier 2019. La dur\u00e9e de remboursement ne doit pas d\u00e9passer 7 ans dont deux ann\u00e9es de gr\u00e2ce.<\/p>\n<p>Les financements exceptionnels accord\u00e9s durant la p\u00e9riode allant du 1er mars 2020 jusqu\u2019au 31 d\u00e9cembre 2020 et qui sont accord\u00e9s aux clients class\u00e9s 0, 1, 2 et 3 \u00e0 fin d\u00e9cembre 2019, seront admis en tant que garantie aux op\u00e9rations de refinancement des banques sur le march\u00e9 mon\u00e9taire et ce, en appliquant une d\u00e9cote progressive en fonction de la classification, pr\u00e9cise la BCT.<\/p>\n<div class=\"wp-post-author-wrap wp-post-author-shortcode left\">\n<h3 class=\"awpa-title\"\/>\n<div class=\"wp-post-author\">\n<div class=\"awpa-img awpa-author-block square\"><a href=\"http:\/\/lexpertjournal.net\/fr\/?author=5\"><img loading=\"lazy\" decoding=\"async\" alt=\"\" src=\"http:\/\/0.gravatar.com\/avatar\/97f8e10a1c1125ba104a76514ee07b16?s=150&amp;d=mm&amp;r=g\" srcset=\"http:\/\/0.gravatar.com\/avatar\/97f8e10a1c1125ba104a76514ee07b16?s=300&amp;d=mm&amp;r=g 2x\" class=\"avatar avatar-150 photo\" height=\"150\" width=\"150\"\/><\/a><\/div>\n<\/div>\n<\/div>\n<aside class=\"mashsb-container mashsb-main mashsb-stretched\">\n<\/aside>\n<p>Auteur: L&rsquo;expert<br \/>\n<a href=\"http:\/\/lexpertjournal.net\/fr\/?p=14967\">Cliquez ici pour lire l&rsquo;article depuis sa source.<\/a><\/p>\n","protected":false},"excerpt":{"rendered":"<p>Les banques sont autoris\u00e9es, en vertu d\u2019une circulaire publi\u00e9e, jeudi 28 mai 2020, par la BCT, \u00e0 accorder aux entreprises et aux professionnels de nouveaux financements exceptionnels couvrant exclusivement les besoins justifi\u00e9s li\u00e9s au financement du cycle d\u2019exploitation. L\u2019objectif de cette d\u00e9cision, qui s\u2019inscrit dans le cadre de la poursuite du soutien de l\u2019\u00e9conomie et [&hellip;]<\/p>\n","protected":false},"author":1775,"featured_media":0,"comment_status":"closed","ping_status":"closed","sticky":false,"template":"","format":"standard","meta":{"fifu_image_url":"","fifu_image_alt":"","footnotes":""},"categories":[78,55],"tags":[],"class_list":["post-87115","post","type-post","status-publish","format-standard","hentry","category-economie","category-tunisie"],"_links":{"self":[{"href":"https:\/\/linitiative.ca\/International\/wp-json\/wp\/v2\/posts\/87115","targetHints":{"allow":["GET"]}}],"collection":[{"href":"https:\/\/linitiative.ca\/International\/wp-json\/wp\/v2\/posts"}],"about":[{"href":"https:\/\/linitiative.ca\/International\/wp-json\/wp\/v2\/types\/post"}],"author":[{"embeddable":true,"href":"https:\/\/linitiative.ca\/International\/wp-json\/wp\/v2\/users\/1775"}],"replies":[{"embeddable":true,"href":"https:\/\/linitiative.ca\/International\/wp-json\/wp\/v2\/comments?post=87115"}],"version-history":[{"count":0,"href":"https:\/\/linitiative.ca\/International\/wp-json\/wp\/v2\/posts\/87115\/revisions"}],"wp:attachment":[{"href":"https:\/\/linitiative.ca\/International\/wp-json\/wp\/v2\/media?parent=87115"}],"wp:term":[{"taxonomy":"category","embeddable":true,"href":"https:\/\/linitiative.ca\/International\/wp-json\/wp\/v2\/categories?post=87115"},{"taxonomy":"post_tag","embeddable":true,"href":"https:\/\/linitiative.ca\/International\/wp-json\/wp\/v2\/tags?post=87115"}],"curies":[{"name":"wp","href":"https:\/\/api.w.org\/{rel}","templated":true}]}}