{"id":87117,"date":"2020-05-29T08:39:16","date_gmt":"2020-05-29T12:39:16","guid":{"rendered":"https:\/\/linitiative.ca\/International\/cepex-business-meetings-tuniso-hongrois-par-visioconference\/"},"modified":"2020-05-29T08:39:16","modified_gmt":"2020-05-29T12:39:16","slug":"cepex-business-meetings-tuniso-hongrois-par-visioconference","status":"publish","type":"post","link":"https:\/\/linitiative.ca\/International\/cepex-business-meetings-tuniso-hongrois-par-visioconference\/","title":{"rendered":"CEPEX : Business Meetings Tuniso-Hongrois par visioconf\u00e9rence"},"content":{"rendered":"<p>Devant initialement se tenir \u00e0 Budapest (Hongrie), le 24 juin 2020, les Business Meetings Tuniso-Hongrois auront lieu \u00e0 la date pr\u00e9vue mais par visioconf\u00e9rence, \u00e0 cause de la crise sanitaire du COVID-19, a fait savoir le CEPEX, sur son site.<\/p>\n<p>En effet, le CEPEX a coordonn\u00e9 avec l\u2019ambassade de Hongrie \u00e0 Tunis pour que ces rencontres aient lieu dans une configuration virtuelle, ce qui constitue une premi\u00e8re pour la maison de l\u2019exportateur.<\/p>\n<p>Les fili\u00e8res cibl\u00e9es ont \u00e9t\u00e9 identifi\u00e9es sur la base de la concordance de l\u2019offre exportable disponible et les besoins imm\u00e9diats en importation de biens en Hongrie. Elles sont essentiellement, celles des Produits agricoles et agro-alimentaires, des composants automobiles, des Industries \u00e9lectriques et \u00e9lectroniques, de la Biotechnologie agricole, de la Gestion de l\u2019eau, des Dispositifs m\u00e9dicaux et industries pharmaceutiques et du Textile et habillement. Les entreprises \u0153uvrant dans les fili\u00e8res cit\u00e9es et int\u00e9ress\u00e9es par l\u2019\u00e9tablissement de contacts d\u2019affaires avec des importateurs hongrois, ont \u00e9t\u00e9 appel\u00e9es \u00e0 se pr\u00e9inscrire au plus tard le jeudi 28 mai 2020. Les profils des entreprises pr\u00e9inscrites seront transmis aux prospects hongrois qui auront \u00e0 s\u00e9lectionner leurs vis-\u00e0-vis tunisiens. Les entreprises retenues seront inform\u00e9es de leur participation et du planning de leurs rendez-vous.<\/p>\n<div class=\"wp-post-author-wrap wp-post-author-shortcode left\">\n<h3 class=\"awpa-title\"\/>\n<div class=\"wp-post-author\">\n<div class=\"awpa-img awpa-author-block square\"><a href=\"http:\/\/lexpertjournal.net\/fr\/?author=5\"><img loading=\"lazy\" decoding=\"async\" alt=\"\" src=\"http:\/\/0.gravatar.com\/avatar\/97f8e10a1c1125ba104a76514ee07b16?s=150&amp;d=mm&amp;r=g\" srcset=\"http:\/\/0.gravatar.com\/avatar\/97f8e10a1c1125ba104a76514ee07b16?s=300&amp;d=mm&amp;r=g 2x\" class=\"avatar avatar-150 photo\" height=\"150\" width=\"150\"\/><\/a><\/div>\n<\/div>\n<\/div>\n<aside class=\"mashsb-container mashsb-main mashsb-stretched\">\n<\/aside>\n<p>Auteur: L&rsquo;expert<br \/>\n<a href=\"http:\/\/lexpertjournal.net\/fr\/?p=14973\">Cliquez ici pour lire l&rsquo;article depuis sa source.<\/a><\/p>\n","protected":false},"excerpt":{"rendered":"<p>Devant initialement se tenir \u00e0 Budapest (Hongrie), le 24 juin 2020, les Business Meetings Tuniso-Hongrois auront lieu \u00e0 la date pr\u00e9vue mais par visioconf\u00e9rence, \u00e0 cause de la crise sanitaire du COVID-19, a fait savoir le CEPEX, sur son site. En effet, le CEPEX a coordonn\u00e9 avec l\u2019ambassade de Hongrie \u00e0 Tunis pour que ces [&hellip;]<\/p>\n","protected":false},"author":1775,"featured_media":0,"comment_status":"closed","ping_status":"closed","sticky":false,"template":"","format":"standard","meta":{"fifu_image_url":"","fifu_image_alt":"","footnotes":""},"categories":[78,55],"tags":[],"class_list":["post-87117","post","type-post","status-publish","format-standard","hentry","category-economie","category-tunisie"],"_links":{"self":[{"href":"https:\/\/linitiative.ca\/International\/wp-json\/wp\/v2\/posts\/87117","targetHints":{"allow":["GET"]}}],"collection":[{"href":"https:\/\/linitiative.ca\/International\/wp-json\/wp\/v2\/posts"}],"about":[{"href":"https:\/\/linitiative.ca\/International\/wp-json\/wp\/v2\/types\/post"}],"author":[{"embeddable":true,"href":"https:\/\/linitiative.ca\/International\/wp-json\/wp\/v2\/users\/1775"}],"replies":[{"embeddable":true,"href":"https:\/\/linitiative.ca\/International\/wp-json\/wp\/v2\/comments?post=87117"}],"version-history":[{"count":0,"href":"https:\/\/linitiative.ca\/International\/wp-json\/wp\/v2\/posts\/87117\/revisions"}],"wp:attachment":[{"href":"https:\/\/linitiative.ca\/International\/wp-json\/wp\/v2\/media?parent=87117"}],"wp:term":[{"taxonomy":"category","embeddable":true,"href":"https:\/\/linitiative.ca\/International\/wp-json\/wp\/v2\/categories?post=87117"},{"taxonomy":"post_tag","embeddable":true,"href":"https:\/\/linitiative.ca\/International\/wp-json\/wp\/v2\/tags?post=87117"}],"curies":[{"name":"wp","href":"https:\/\/api.w.org\/{rel}","templated":true}]}}