{"id":87118,"date":"2020-05-29T08:45:13","date_gmt":"2020-05-29T12:45:13","guid":{"rendered":"https:\/\/linitiative.ca\/International\/justice-report-au-2-juin-du-proces-de-la-bloggeuse-emna-chargui\/"},"modified":"2020-05-29T08:45:13","modified_gmt":"2020-05-29T12:45:13","slug":"justice-report-au-2-juin-du-proces-de-la-bloggeuse-emna-chargui","status":"publish","type":"post","link":"https:\/\/linitiative.ca\/International\/justice-report-au-2-juin-du-proces-de-la-bloggeuse-emna-chargui\/","title":{"rendered":"Justice : Report au 2 juin du proc\u00e8s de la bloggeuse Emna Chargui"},"content":{"rendered":"<p>La troisi\u00e8me chambre correctionnelle pr\u00e8s le tribunal de premi\u00e8re instance de Tunis a d\u00e9cid\u00e9 jeudi le report, au 2 juillet prochain, du proc\u00e8s de la bloggeuse Emna Chargui, affirme Mohsen Dali, substitut du procureur de la R\u00e9publique et porte-parole de cette juridiction. Il a soulign\u00e9 que la bloggeuse a \u00e9t\u00e9 maintenue en \u00e9tat de libert\u00e9.<\/p>\n<p>Le 2 mai 2020, Emna Chargui, 27 ans, a partag\u00e9 une photo sur Facebook qui contenait un texte satirique reprenant les codes d\u2019un verset coranique et portant sur la pand\u00e9mie de COVID-19. Cette publication a d\u00e9clench\u00e9 une r\u00e9action tr\u00e8s vive sur les r\u00e9seaux sociaux de la part d\u2019internautes qui l\u2019ont trouv\u00e9e offensante et ont appel\u00e9 \u00e0 sanctionner Emna Chargui.<\/p>\n<p>Le 4 mai, elle a \u00e9t\u00e9 convoqu\u00e9e par la police judiciaire qui l\u2019a interrog\u00e9e, le lendemain, en pr\u00e9sence de son avocate. Le 6 mai, elle a comparu au tribunal devant le bureau du procureur qui n\u2019a pas autoris\u00e9 son avocate \u00e0 l\u2019accompagner. \u00ab Sans que personne ne lui soit pr\u00e9sent\u00e9 et sans savoir qui \u00e9tait le procureur, elle a \u00e9t\u00e9 interrog\u00e9e pendant une demi-heure par un groupe de sept membres du bureau, notamment au sujet de sa foi \u00bb, lit-on dans le texte de la d\u00e9claration d\u2019Amnesty International.<\/p>\n<p>Le 6 mai, le procureur du tribunal de premi\u00e8re instance de Tunis l\u2019a inculp\u00e9e d&rsquo; \u00bbincitation \u00e0 la haine entre les religions \u00bb par des moyens hostiles ou la violence, et d&rsquo; \u00bboutrage \u00e0 des religions autoris\u00e9es \u00bb, au titre des articles 52 et 53 du d\u00e9cret-loi relatif \u00e0 la libert\u00e9 de la presse, de l\u2019impression et de l\u2019\u00e9dition. Ces infractions sont passibles d\u2019une peine pouvant aller jusqu\u2019\u00e0 trois ans d\u2019emprisonnement et d\u2019une amende pouvant aller jusqu\u2019\u00e0 2000 dinars tunisiens.<\/p>\n<p>Plusieurs organisations tunisiennes des droits de l\u2019homme, dont, notamment, la Ligue tunisienne pour les droits de l\u2019homme et le Comit\u00e9 sup\u00e9rieur des droits de l\u2019homme et des libert\u00e9s fondamentales, ont affirm\u00e9 leur soutien \u00e0 la blogueuse Emna Chargui et d\u00e9nonc\u00e9 \u00ab le harc\u00e8lement judiciaire \u00bb dont elle est victime.<\/p>\n<p>Elles ont exprim\u00e9, dans une d\u00e9claration commune, le refus de toute tentative de restreindre les libert\u00e9s, garanties par la Constitution de 2014.<\/p>\n<div class=\"wp-post-author-wrap wp-post-author-shortcode left\">\n<h3 class=\"awpa-title\"\/>\n<div class=\"wp-post-author\">\n<div class=\"awpa-img awpa-author-block square\"><a href=\"http:\/\/lexpertjournal.net\/fr\/?author=5\"><img loading=\"lazy\" decoding=\"async\" alt=\"\" src=\"http:\/\/0.gravatar.com\/avatar\/97f8e10a1c1125ba104a76514ee07b16?s=150&amp;d=mm&amp;r=g\" srcset=\"http:\/\/0.gravatar.com\/avatar\/97f8e10a1c1125ba104a76514ee07b16?s=300&amp;d=mm&amp;r=g 2x\" class=\"avatar avatar-150 photo\" height=\"150\" width=\"150\"\/><\/a><\/div>\n<\/div>\n<\/div>\n<aside class=\"mashsb-container mashsb-main mashsb-stretched\">\n<\/aside>\n<p>Auteur: L&rsquo;expert<br \/>\n<a href=\"http:\/\/lexpertjournal.net\/fr\/?p=14977\">Cliquez ici pour lire l&rsquo;article depuis sa source.<\/a><\/p>\n","protected":false},"excerpt":{"rendered":"<p>La troisi\u00e8me chambre correctionnelle pr\u00e8s le tribunal de premi\u00e8re instance de Tunis a d\u00e9cid\u00e9 jeudi le report, au 2 juillet prochain, du proc\u00e8s de la bloggeuse Emna Chargui, affirme Mohsen Dali, substitut du procureur de la R\u00e9publique et porte-parole de cette juridiction. Il a soulign\u00e9 que la bloggeuse a \u00e9t\u00e9 maintenue en \u00e9tat de libert\u00e9. [&hellip;]<\/p>\n","protected":false},"author":1775,"featured_media":0,"comment_status":"closed","ping_status":"closed","sticky":false,"template":"","format":"standard","meta":{"fifu_image_url":"","fifu_image_alt":"","footnotes":""},"categories":[78,55],"tags":[],"class_list":["post-87118","post","type-post","status-publish","format-standard","hentry","category-economie","category-tunisie"],"_links":{"self":[{"href":"https:\/\/linitiative.ca\/International\/wp-json\/wp\/v2\/posts\/87118","targetHints":{"allow":["GET"]}}],"collection":[{"href":"https:\/\/linitiative.ca\/International\/wp-json\/wp\/v2\/posts"}],"about":[{"href":"https:\/\/linitiative.ca\/International\/wp-json\/wp\/v2\/types\/post"}],"author":[{"embeddable":true,"href":"https:\/\/linitiative.ca\/International\/wp-json\/wp\/v2\/users\/1775"}],"replies":[{"embeddable":true,"href":"https:\/\/linitiative.ca\/International\/wp-json\/wp\/v2\/comments?post=87118"}],"version-history":[{"count":0,"href":"https:\/\/linitiative.ca\/International\/wp-json\/wp\/v2\/posts\/87118\/revisions"}],"wp:attachment":[{"href":"https:\/\/linitiative.ca\/International\/wp-json\/wp\/v2\/media?parent=87118"}],"wp:term":[{"taxonomy":"category","embeddable":true,"href":"https:\/\/linitiative.ca\/International\/wp-json\/wp\/v2\/categories?post=87118"},{"taxonomy":"post_tag","embeddable":true,"href":"https:\/\/linitiative.ca\/International\/wp-json\/wp\/v2\/tags?post=87118"}],"curies":[{"name":"wp","href":"https:\/\/api.w.org\/{rel}","templated":true}]}}