{"id":87120,"date":"2020-05-29T09:41:08","date_gmt":"2020-05-29T13:41:08","guid":{"rendered":"https:\/\/linitiative.ca\/International\/cameroun-les-ministres-en-charge-de-leducation-rassurent-sur-les-mesures-prises-en-vue-de-la-rentree-du-1er-juin\/"},"modified":"2020-05-29T09:41:08","modified_gmt":"2020-05-29T13:41:08","slug":"cameroun-les-ministres-en-charge-de-leducation-rassurent-sur-les-mesures-prises-en-vue-de-la-rentree-du-1er-juin","status":"publish","type":"post","link":"https:\/\/linitiative.ca\/International\/cameroun-les-ministres-en-charge-de-leducation-rassurent-sur-les-mesures-prises-en-vue-de-la-rentree-du-1er-juin\/","title":{"rendered":"Cameroun : les ministres en charge de l\u2019\u00e9ducation rassurent sur les mesures prises en vue de la rentr\u00e9e du 1er juin"},"content":{"rendered":"<div readability=\"32\">\n<p>Publi\u00e9 le 29.05.2020 \u00e0 14h41 par JournalduCameroun.com<\/p>\n<\/div>\n<div readability=\"58\">\n<h2 class=\"c6\">Le gouvernement soutient que toutes les mesures sanitaires ont \u00e9t\u00e9 prises pour prot\u00e9ger \u00e9l\u00e8ves et enseignants.<\/h2>\n<p class=\"c7\">Au sortir du Conseil de cabinet du mois de mai pr\u00e9sid\u00e9 par le Premier ministre, les ministres en charge du secteur de l\u2019\u00e9ducation se veulent rassurant.<\/p>\n<p class=\"c7\">Pour Jacques Fame Ndongo, ministre de l\u2019Enseignement sup\u00e9rieur <em>\u00ab\u00a0la plus part des \u00e9tablissements ont fabriqu\u00e9 des masques, des gels hydro alcooliques, etc. Toutes les mesures barri\u00e8res \u00e9dict\u00e9es par l\u2019Etat seront respect\u00e9es scrupuleusement et nous sommes donc pr\u00eats pour la rentr\u00e9e de lundi\u00a0\u00bb.<\/em><\/p>\n<p class=\"c7\">De son c\u00f4t\u00e9, Nalova Lyonga, ministre des Enseignements secondaires, affirment que <em>\u00ab\u00a0les parents sont pr\u00eats, les \u00e9l\u00e8ves y compris. Tout le monde est pr\u00eat et c\u2019est ce qu\u2019il faut pour lutter contre le coronavirus\u00a0\u00bb<\/em>.<\/p>\n<p class=\"c7\">Quant au ministre de l\u2019Education de base Laurent Serge Etoundi Ngoa il d\u00e9clare\u00a0: <em>\u00ab\u00a0Nous attendons environ un demi-million d\u2019\u00e9l\u00e8ves, environ 497\u00a0500. La d\u00e9sinfection des \u00e9coles dans les r\u00e9gions que sont le Centre, le Sud, l\u2019Est l\u2019Ouest et le Littoral. Les 6 autres r\u00e9gions \u00e9tant d\u00e9j\u00e0 couvertes. En accord avec les parents d\u2019\u00e9l\u00e8ves et les partenaires au d\u00e9veloppement nous avons essay\u00e9 de prendre des mesures indicatives qu\u2019on nous a prescrites\u00a0\u00bb<\/em>.<\/p>\n<\/div>\n<p>Auteur: Ludovic Amara<br \/>\n<a href=\"https:\/\/www.journalducameroun.com\/cameroun-les-ministres-en-charge-de-leducation-rassurent-sur-les-mesures-prises-en-vue-de-la-rentree-du-1er-juin\/\">Cliquez ici pour lire l&rsquo;article depuis sa source.<\/a><\/p>\n","protected":false},"excerpt":{"rendered":"<p>Publi\u00e9 le 29.05.2020 \u00e0 14h41 par JournalduCameroun.com Le gouvernement soutient que toutes les mesures sanitaires ont \u00e9t\u00e9 prises pour prot\u00e9ger \u00e9l\u00e8ves et enseignants. Au sortir du Conseil de cabinet du mois de mai pr\u00e9sid\u00e9 par le Premier ministre, les ministres en charge du secteur de l\u2019\u00e9ducation se veulent rassurant. Pour Jacques Fame Ndongo, ministre de [&hellip;]<\/p>\n","protected":false},"author":1965,"featured_media":0,"comment_status":"closed","ping_status":"closed","sticky":false,"template":"","format":"standard","meta":{"fifu_image_url":"","fifu_image_alt":"","footnotes":""},"categories":[73,82],"tags":[],"class_list":["post-87120","post","type-post","status-publish","format-standard","hentry","category-actualite","category-cameroun"],"_links":{"self":[{"href":"https:\/\/linitiative.ca\/International\/wp-json\/wp\/v2\/posts\/87120","targetHints":{"allow":["GET"]}}],"collection":[{"href":"https:\/\/linitiative.ca\/International\/wp-json\/wp\/v2\/posts"}],"about":[{"href":"https:\/\/linitiative.ca\/International\/wp-json\/wp\/v2\/types\/post"}],"author":[{"embeddable":true,"href":"https:\/\/linitiative.ca\/International\/wp-json\/wp\/v2\/users\/1965"}],"replies":[{"embeddable":true,"href":"https:\/\/linitiative.ca\/International\/wp-json\/wp\/v2\/comments?post=87120"}],"version-history":[{"count":0,"href":"https:\/\/linitiative.ca\/International\/wp-json\/wp\/v2\/posts\/87120\/revisions"}],"wp:attachment":[{"href":"https:\/\/linitiative.ca\/International\/wp-json\/wp\/v2\/media?parent=87120"}],"wp:term":[{"taxonomy":"category","embeddable":true,"href":"https:\/\/linitiative.ca\/International\/wp-json\/wp\/v2\/categories?post=87120"},{"taxonomy":"post_tag","embeddable":true,"href":"https:\/\/linitiative.ca\/International\/wp-json\/wp\/v2\/tags?post=87120"}],"curies":[{"name":"wp","href":"https:\/\/api.w.org\/{rel}","templated":true}]}}