{"id":87121,"date":"2020-05-29T08:40:22","date_gmt":"2020-05-29T12:40:22","guid":{"rendered":"https:\/\/linitiative.ca\/International\/cameroun-le-taux-dinflation-en-hausse-au-premier-trimestre-2020\/"},"modified":"2020-05-29T08:40:22","modified_gmt":"2020-05-29T12:40:22","slug":"cameroun-le-taux-dinflation-en-hausse-au-premier-trimestre-2020","status":"publish","type":"post","link":"https:\/\/linitiative.ca\/International\/cameroun-le-taux-dinflation-en-hausse-au-premier-trimestre-2020\/","title":{"rendered":"Cameroun : le taux d\u2019inflation en hausse au premier trimestre 2020"},"content":{"rendered":"<p>Par rapport au 1<sup>er<\/sup> trimestre 2019, le niveau g\u00e9n\u00e9ral des prix au Cameroun a augment\u00e9 de 2,6% au cours de la m\u00eame p\u00e9riode en 2020. Toutes les grandes villes sont concern\u00e9es, mais les plus fortes hausses sont\u00a0 s\u2019observent \u00e0 Bamenda (4,3%), Buea (3,8%) et Bafoussam (3,0%). Les autres villes enregistrent une hausse inf\u00e9rieure au niveau national. Il s\u2019agit de Douala (2,4%), suivie de Yaound\u00e9 (2,3%), Garoua (2,1%), Ngaound\u00e9r\u00e9 (2,1%), Bertoua (1,8%), Ebolowa (1,8%) et Maroua (1,7%). D\u2019apr\u00e8s l\u2019Institut National de la Statistique(Ins), qui a r\u00e9v\u00e9l\u00e9 ces donn\u00e9es, \u00a0cette hausse est en grande partie due \u00a0\u00ab\u00a0au rench\u00e9rissement des produits alimentaires et boissons non alcoolis\u00e9es (3,1%), des restaurants et h\u00f4tels (5,4%), ainsi que des articles d\u2019habillement et chaussures (2,8%)\u00bb r\u00e9v\u00e8le une \u00e9tude de l\u2019Institut.\u00a0<\/p>\n<p>Les produits alimentaires qui connaissent une inflation sont les fruits (+8,9%), les l\u00e9gumes (+7,9%), les viandes (+4,8%), le pain et les c\u00e9r\u00e9ales (+1,5%). A cela s\u2019ajoutent les poissons, fruits de mer, laits, fromages et \u0153ufs dont les prix ont connu une augmentation\u00a0 de 0,4% au premier trimestre 2020. A contrario, l\u2019on enregistre une baisse des prix des huiles et graisses (-1,4%), et ceux des poissons et autres produits de mer congel\u00e9s (-1,1%).<\/p>\n<p class=\"has-background has-very-light-gray-background-color\"><strong>&gt;&gt;Lire aussi-<a href=\"https:\/\/ecomatin.net\/le-mincommerce-en-guerre-contre-linflation-des-prix-des-produits-pharmaceutiques\/\">Le Mincommerce en guerre contre l\u2019inflation des prix des produits pharmaceutiques<\/a><\/strong><\/p>\n<p><strong>Coronavirus<\/strong><\/p>\n<p>Si selon l\u2019Ins la crise sanitaire li\u00e9e au COVID-19 n\u2019a pas eu un impact significatif sur le niveau g\u00e9n\u00e9ral des prix au cours de cette p\u00e9riode, l\u2019institut constate tout de m\u00eame que la fin du mois de mars a \u00e9t\u00e9 marqu\u00e9e par une flamb\u00e9e des co\u00fbts. Celle-ci a \u00e9t\u00e9 caus\u00e9e par le ph\u00e9nom\u00e8ne \u00ab\u00a0d\u2019achats-panique\u00a0\u00bbintervenu apr\u00e8s la prise, le 17 mars 2020, des premi\u00e8res mesures restrictives contre le Covid-19. R\u00e9sultat des courses, certains commer\u00e7ants v\u00e9reux proc\u00e9daient \u00e0 l\u2019augmentation des prix de certaines denr\u00e9es alimentaires et produits de premi\u00e8res n\u00e9cessit\u00e9s.<\/p>\n<p>Une dynamique qui a \u00e9t\u00e9 stopp\u00e9e net par le d\u00e9ploiement des \u00e9quipes du minist\u00e8re du Commerce \u00ab\u00a0les campagnes intenses men\u00e9es par le Mincommerce (minist\u00e8re du Commerce, ndlr) sur les march\u00e9s pour d\u00e9masquer les sp\u00e9culateurs qui stockent les produits dans le but de susciter une p\u00e9nurie ont permis de limiter la flamb\u00e9e des prix\u00a0\u00bb rel\u00e8ve l\u2019Ins. Par ailleurs, ledit minist\u00e8re \u00e0 travers la Mission de R\u00e9gulation et d\u2019Approvisionnement des produits de grande consommation (Mirap), a augment\u00e9 la fr\u00e9quence des march\u00e9s p\u00e9riodiques sur l\u2019ensemble du territoire national en vue d\u2019aider les m\u00e9nag\u00e8res \u00e0 s\u2019approvisionner \u00e0 moindre co\u00fbt. N\u00e9anmoins, l\u2019impact \u00e9ventuel de la crise sanitaire sur les prix ne pourra se faire ressentir r\u00e9ellement qu\u2019\u00e0 partir du mois d\u2019avril de cette ann\u00e9e.<\/p>\n<p><strong>&gt;&gt;Lire aussi-<\/strong> <strong><a href=\"https:\/\/ecomatin.net\/budget-2020-une-loi-de-finances-rectificative-en-etude\/\">Budget 2020 : une loi de Finances rectificative en \u00e9tude<\/a><\/strong><\/p>\n<div class=\"awac-wrapper awac widget recent-posts-7\">\n<h4 class=\"widget-title\">Articles r\u00e9cents<\/h4>\n<\/div>\n<p>Auteur: EcoMatin<br \/>\n<a href=\"https:\/\/ecomatin.net\/cameroun-le-taux-dinflation-en-hausse-au-premier-trimestre-2020\/\">Cliquez ici pour lire l&rsquo;article depuis sa source.<\/a><\/p>\n","protected":false},"excerpt":{"rendered":"<p>Par rapport au 1er trimestre 2019, le niveau g\u00e9n\u00e9ral des prix au Cameroun a augment\u00e9 de 2,6% au cours de la m\u00eame p\u00e9riode en 2020. Toutes les grandes villes sont concern\u00e9es, mais les plus fortes hausses sont\u00a0 s\u2019observent \u00e0 Bamenda (4,3%), Buea (3,8%) et Bafoussam (3,0%). Les autres villes enregistrent une hausse inf\u00e9rieure au niveau [&hellip;]<\/p>\n","protected":false},"author":1969,"featured_media":0,"comment_status":"closed","ping_status":"closed","sticky":false,"template":"","format":"standard","meta":{"fifu_image_url":"","fifu_image_alt":"","footnotes":""},"categories":[82,78],"tags":[],"class_list":["post-87121","post","type-post","status-publish","format-standard","hentry","category-cameroun","category-economie"],"_links":{"self":[{"href":"https:\/\/linitiative.ca\/International\/wp-json\/wp\/v2\/posts\/87121","targetHints":{"allow":["GET"]}}],"collection":[{"href":"https:\/\/linitiative.ca\/International\/wp-json\/wp\/v2\/posts"}],"about":[{"href":"https:\/\/linitiative.ca\/International\/wp-json\/wp\/v2\/types\/post"}],"author":[{"embeddable":true,"href":"https:\/\/linitiative.ca\/International\/wp-json\/wp\/v2\/users\/1969"}],"replies":[{"embeddable":true,"href":"https:\/\/linitiative.ca\/International\/wp-json\/wp\/v2\/comments?post=87121"}],"version-history":[{"count":0,"href":"https:\/\/linitiative.ca\/International\/wp-json\/wp\/v2\/posts\/87121\/revisions"}],"wp:attachment":[{"href":"https:\/\/linitiative.ca\/International\/wp-json\/wp\/v2\/media?parent=87121"}],"wp:term":[{"taxonomy":"category","embeddable":true,"href":"https:\/\/linitiative.ca\/International\/wp-json\/wp\/v2\/categories?post=87121"},{"taxonomy":"post_tag","embeddable":true,"href":"https:\/\/linitiative.ca\/International\/wp-json\/wp\/v2\/tags?post=87121"}],"curies":[{"name":"wp","href":"https:\/\/api.w.org\/{rel}","templated":true}]}}