{"id":87122,"date":"2020-05-29T11:24:56","date_gmt":"2020-05-29T15:24:56","guid":{"rendered":"https:\/\/linitiative.ca\/International\/tunisie-mohsen-marzouk-demande-au-ministere-des-affaires-etrangeres-la-convocation-de-lambassadeur-turc\/"},"modified":"2020-05-29T11:24:56","modified_gmt":"2020-05-29T15:24:56","slug":"tunisie-mohsen-marzouk-demande-au-ministere-des-affaires-etrangeres-la-convocation-de-lambassadeur-turc","status":"publish","type":"post","link":"https:\/\/linitiative.ca\/International\/tunisie-mohsen-marzouk-demande-au-ministere-des-affaires-etrangeres-la-convocation-de-lambassadeur-turc\/","title":{"rendered":"Tunisie: Mohsen Marzouk demande au minist\u00e8re des Affaires \u00e9trang\u00e8res la convocation de l\u2019ambassadeur turc"},"content":{"rendered":"<div class=\"post-cont-in left relative\">\n<p>Le secr\u00e9taire g\u00e9n\u00e9ral du mouvement Machrou Tounes, Mohsen Marzouk, a appel\u00e9 le minist\u00e8re des Affaires \u00e9trang\u00e8res \u00e0 convoquer l\u2019ambassadeur de Turquie en Tunisie, dans le contexte des \u201cmenaces de l\u2019assassiner, et \u00e0 publier des d\u00e9clarations parlant de l\u2019assassinat du pr\u00e9sident <a href=\"https:\/\/www.tunisienumerique.com\/tunisie-actualite\/kais-saied\/\" title=\"Ka&#xEF;s Sa&#xEF;ed\" target=\"_top\" class=\"auto-link\" rel=\"noopener noreferrer\">Ka\u00efs Sa\u00efed<\/a>, publi\u00e9 par un r\u00e9fugi\u00e9 \u00e9gyptien en Turquie appartenant aux Fr\u00e8res musulmans\u201d.<\/p>\n<div class=\"code-block code-block-1 c3\"><ins class=\"adsbygoogle c2\" data-ad-layout=\"in-article\" data-ad-format=\"fluid\" data-ad-client=\"ca-pub-2102118777505746\" data-ad-slot=\"7301775417\"\/> <\/div>\n<p>Marzouk a affirm\u00e9, dans une d\u00e9claration qu\u2019il a faite vendredi) \u00e0 l\u2019agence de presse TAP, qu\u2019il a \u00e9t\u00e9 directement menac\u00e9 de l\u2019assassiner par Imed Bhairi, de nationalit\u00e9 \u00e9gyptienne et un r\u00e9fugi\u00e9 en Turquie, et qui est parrain\u00e9 par les autorit\u00e9s et les renseignements turcs dans le cadre de plans r\u00e9gionaux et d\u2019ing\u00e9rence dans les affaires des pays de la r\u00e9gion.<\/p>\n<p>Il a ajout\u00e9 que la m\u00eame personne, \u201cavait auparavant colport\u00e9 un\u201d faux sc\u00e9nario, parlant du (Marzouk) et d\u2019<a href=\"https:\/\/www.tunisienumerique.com\/tunisie-actualite\/abir-moussi\/\" title=\"Abir Moussi\" target=\"_top\" class=\"auto-link\" rel=\"noopener noreferrer\">Abir Moussi<\/a>, chef du Parti destourien libre, pr\u00e9voyant d\u2019assassiner le pr\u00e9sident de la R\u00e9publique, Ka\u00efs Sa\u00efed, avec le soutien des \u00c9mirats arabes unis et des autorit\u00e9s saoudiennes et d\u2019essayer de changer le r\u00e9gime.\u201d<\/p>\n<p>Il a soulign\u00e9 que ces menaces et sc\u00e9narios, qui ont touch\u00e9 sa personne et Abir Moussi, sont \u201cfictifs\u201d, rappelant que le pr\u00e9sident de la R\u00e9publique avait annonc\u00e9 sa volont\u00e9 de changer le syst\u00e8me de gouvernement en Tunisie depuis sa campagne pr\u00e9sidentielle.<\/p>\n<p>Marzouk a soulign\u00e9 la n\u00e9cessit\u00e9 pour les autorit\u00e9s tunisiennes de ne pas garder le silence sur ces rumeurs dangereuses et de prendre des mesures pour prot\u00e9ger le prestige et la s\u00e9curit\u00e9 nationale de l\u2019\u00c9tat, en particulier depuis le sc\u00e9nario qui parle d\u2019un complot d\u2019assassinat de Sa\u00efed qui affecte la s\u00e9curit\u00e9 de l\u2019\u00c9tat et porte atteinte au chef du pouvoir en Tunisie.<\/p>\n<div class=\"swp_social_panel swp_horizontal_panel swp_flat_fresh swp_default_full_color swp_individual_full_color swp_other_full_color scale-100 scale-\" data-min-width=\"1100\" data-float-color=\"#ffffff\" data-float=\"bottom\" data-float-mobile=\"bottom\" data-transition=\"slide\">\n<div class=\"nc_tweetContainer swp_share_button total_shares total_sharesalt\"><span class=\"swp_count\">27 <span class=\"swp_label\">Partages<\/span><\/span><\/div>\n<\/div>\n<p><strong>Que se passe-t-il en Tunisie?<\/strong><br \/>Nous expliquons sur notre <a href=\"https:\/\/www.youtube.com\/channel\/UCRzypVq0B_yBad5eGrwBx0Q?sub_confirmation=1\" target=\"_blank\" rel=\"noopener noreferrer\">cha\u00eene YouTube<\/a> . <a href=\"https:\/\/www.youtube.com\/channel\/UCRzypVq0B_yBad5eGrwBx0Q?sub_confirmation=1\" target=\"_blank\" rel=\"noopener noreferrer\">Abonnez-vous!<\/a><\/p>\n<div class=\"mvp-org-wrap mvp-org-logo\" itemprop=\"publisher\" itemscope=\"\" itemtype=\"https:\/\/schema.org\/Organization\"><img decoding=\"async\" src=\"https:\/\/www.tunisienumerique.com\/wp-content\/uploads\/2017\/02\/logo_tunisie_numerique.png\"\/><\/div>\n<div class=\"mvp-related-posts left relative\">\n<h4 class=\"post-header\"><span class=\"post-header\">Lire aussi<\/span><\/h4>\n<\/div>\n<div id=\"article-ad\"><ins class=\"adsbygoogle c4\" data-ad-client=\"ca-pub-2102118777505746\" data-ad-slot=\"6513972734\" data-ad-format=\"auto\" data-full-width-responsive=\"true\"\/> <\/div>\n<\/div>\n<div id=\"post-sidebar-wrap\"><ins class=\"adsbygoogle c4\" data-ad-client=\"ca-pub-2102118777505746\" data-ad-slot=\"6168283410\" data-ad-format=\"auto\" data-full-width-responsive=\"true\"\/> <\/div>\n<p>Auteur: Mourad S<br \/>\n<a href=\"https:\/\/www.tunisienumerique.com\/tunisie-mohsen-marzouk-demande-au-ministere-des-affaires-etrangeres-la-convocation-de-lambassadeur-turc\/\">Cliquez ici pour lire l&rsquo;article depuis sa source.<\/a><\/p>\n","protected":false},"excerpt":{"rendered":"<p>Le secr\u00e9taire g\u00e9n\u00e9ral du mouvement Machrou Tounes, Mohsen Marzouk, a appel\u00e9 le minist\u00e8re des Affaires \u00e9trang\u00e8res \u00e0 convoquer l\u2019ambassadeur de Turquie en Tunisie, dans le contexte des \u201cmenaces de l\u2019assassiner, et \u00e0 publier des d\u00e9clarations parlant de l\u2019assassinat du pr\u00e9sident Ka\u00efs Sa\u00efed, publi\u00e9 par un r\u00e9fugi\u00e9 \u00e9gyptien en Turquie appartenant aux Fr\u00e8res musulmans\u201d. Marzouk a [&hellip;]<\/p>\n","protected":false},"author":1789,"featured_media":87130,"comment_status":"closed","ping_status":"closed","sticky":false,"template":"","format":"standard","meta":{"fifu_image_url":"","fifu_image_alt":"","footnotes":""},"categories":[73,55],"tags":[],"class_list":["post-87122","post","type-post","status-publish","format-standard","has-post-thumbnail","hentry","category-actualite","category-tunisie"],"_links":{"self":[{"href":"https:\/\/linitiative.ca\/International\/wp-json\/wp\/v2\/posts\/87122","targetHints":{"allow":["GET"]}}],"collection":[{"href":"https:\/\/linitiative.ca\/International\/wp-json\/wp\/v2\/posts"}],"about":[{"href":"https:\/\/linitiative.ca\/International\/wp-json\/wp\/v2\/types\/post"}],"author":[{"embeddable":true,"href":"https:\/\/linitiative.ca\/International\/wp-json\/wp\/v2\/users\/1789"}],"replies":[{"embeddable":true,"href":"https:\/\/linitiative.ca\/International\/wp-json\/wp\/v2\/comments?post=87122"}],"version-history":[{"count":0,"href":"https:\/\/linitiative.ca\/International\/wp-json\/wp\/v2\/posts\/87122\/revisions"}],"wp:featuredmedia":[{"embeddable":true,"href":"https:\/\/linitiative.ca\/International\/wp-json\/"}],"wp:attachment":[{"href":"https:\/\/linitiative.ca\/International\/wp-json\/wp\/v2\/media?parent=87122"}],"wp:term":[{"taxonomy":"category","embeddable":true,"href":"https:\/\/linitiative.ca\/International\/wp-json\/wp\/v2\/categories?post=87122"},{"taxonomy":"post_tag","embeddable":true,"href":"https:\/\/linitiative.ca\/International\/wp-json\/wp\/v2\/tags?post=87122"}],"curies":[{"name":"wp","href":"https:\/\/api.w.org\/{rel}","templated":true}]}}