{"id":87126,"date":"2020-05-29T08:47:54","date_gmt":"2020-05-29T12:47:54","guid":{"rendered":"https:\/\/linitiative.ca\/International\/coronavirus-une-prolongation-de-lecheance-de-depot-des-situations-comptables-pour-les-etablissements-publics\/"},"modified":"2020-05-29T08:47:54","modified_gmt":"2020-05-29T12:47:54","slug":"coronavirus-une-prolongation-de-lecheance-de-depot-des-situations-comptables-pour-les-etablissements-publics","status":"publish","type":"post","link":"https:\/\/linitiative.ca\/International\/coronavirus-une-prolongation-de-lecheance-de-depot-des-situations-comptables-pour-les-etablissements-publics\/","title":{"rendered":"Coronavirus : une prolongation de l\u2019\u00e9ch\u00e9ance de d\u00e9p\u00f4t des situations comptables pour les \u00e9tablissements publics"},"content":{"rendered":"<p><strong>La Cour des comptes accorde une prolongation de l\u2019\u00e9ch\u00e9ance de d\u00e9p\u00f4t des situations comptables pour les \u00e9tablissements publics\u00a0et autres organismes publics.<\/strong><\/p>\n<div class=\"c10\"\/>\n<p>La <strong>crise sanitaire<\/strong> que vit le royaume depuis le mois de mars n\u2019\u00e9pargne aucun secteur. Son impact p\u00e8se autant sur les entreprises du secteur que sur les \u00e9tablissements publics. Ces derniers viennent d\u2019ailleurs d\u2019obtenir gain de cause, \u00e0 la suite de leur requ\u00eate adress\u00e9e \u00e0 la Cour des comptes et r\u00e9clamant une <strong>prolongation<\/strong> de l\u2019\u00e9ch\u00e9ance de d\u00e9p\u00f4t des situations comptables pour les \u00e9tablissements publics.<\/p>\n<p>Lire aussi: <a href=\"https:\/\/www.challenge.ma\/cgem-le-plan-de-relance-loue-par-benchaaboun-142225\/\">CGEM : le plan de relance lou\u00e9 par Bencha\u00e2boun<\/a><\/p>\n<p>Cette requ\u00eate, adress\u00e9e par la <strong>Direction des Entreprises publiques et de la Privatisation<\/strong>, r\u00e9clamait, en effet, le report, au-del\u00e0 du 30 juin 2020, du d\u00e9lai de d\u00e9p\u00f4t des situations \u00e0 produire par les tr\u00e9soriers payeurs et les agents comptables des \u00e9tablissements publics et autres organismes au titre de l\u2019ann\u00e9e 2019 et ce, en raison de la conjoncture exceptionnelle actuelle.<\/p>\n<p>Ainsi, en r\u00e9ponse \u00e0 ladite demande, la <strong>Cour des compte<\/strong>, consid\u00e9rant l\u2019article 6 du d\u00e9cret-loi n\u00b0 2.20.292 du 23 mars 2020 relatif \u00e0 l\u2019\u00e9tat d\u2019urgence sanitaire ayant suspendu les d\u00e9lais l\u00e9gaux et r\u00e9glementaires pendant la dur\u00e9e de cet \u00e9tat, accorde un avis favorable \u00e0 la requ\u00eate. \u00ab\u00a0Le d\u00e9lai en question peut \u00eatre report\u00e9 au-del\u00e0 du 30 juin 2020, en majorant cette date d\u2019un d\u00e9lai \u00e9quivalent au nombre de jours compt\u00e9 \u00e0 partir du 25 mars 2020 jusqu\u2019au lendemain de la fin de l\u2019\u00e9tat d\u2019urgence sanitaire\u00a0\u00bb, pr\u00e9cise la Cour des comptes.\u00a0<\/p>\n<div class=\"c17\">\n<fieldset class=\"c16\">\n<legend><strong><span class=\"c11\">Challenge<\/span><span class=\"c12\">news<\/span><\/strong><\/legend>\n<div class=\"c15\">Le meilleur de Challenge s\u00e9lectionn\u00e9 par la r\u00e9daction :<\/p>\n<\/div>\n<\/fieldset>\n<\/div>\n<p>Auteur: challenge<br \/>\n<a href=\"https:\/\/www.challenge.ma\/coronavirus-une-prolongation-de-lecheance-de-depot-des-situations-comptables-pour-les-etablissements-publics-142240\/\">Cliquez ici pour lire l&rsquo;article depuis sa source.<\/a><\/p>\n","protected":false},"excerpt":{"rendered":"<p>La Cour des comptes accorde une prolongation de l\u2019\u00e9ch\u00e9ance de d\u00e9p\u00f4t des situations comptables pour les \u00e9tablissements publics\u00a0et autres organismes publics. La crise sanitaire que vit le royaume depuis le mois de mars n\u2019\u00e9pargne aucun secteur. Son impact p\u00e8se autant sur les entreprises du secteur que sur les \u00e9tablissements publics. Ces derniers viennent d\u2019ailleurs d\u2019obtenir [&hellip;]<\/p>\n","protected":false},"author":1787,"featured_media":0,"comment_status":"closed","ping_status":"closed","sticky":false,"template":"","format":"standard","meta":{"fifu_image_url":"","fifu_image_alt":"","footnotes":""},"categories":[78,54],"tags":[],"class_list":["post-87126","post","type-post","status-publish","format-standard","hentry","category-economie","category-maroc"],"_links":{"self":[{"href":"https:\/\/linitiative.ca\/International\/wp-json\/wp\/v2\/posts\/87126","targetHints":{"allow":["GET"]}}],"collection":[{"href":"https:\/\/linitiative.ca\/International\/wp-json\/wp\/v2\/posts"}],"about":[{"href":"https:\/\/linitiative.ca\/International\/wp-json\/wp\/v2\/types\/post"}],"author":[{"embeddable":true,"href":"https:\/\/linitiative.ca\/International\/wp-json\/wp\/v2\/users\/1787"}],"replies":[{"embeddable":true,"href":"https:\/\/linitiative.ca\/International\/wp-json\/wp\/v2\/comments?post=87126"}],"version-history":[{"count":0,"href":"https:\/\/linitiative.ca\/International\/wp-json\/wp\/v2\/posts\/87126\/revisions"}],"wp:attachment":[{"href":"https:\/\/linitiative.ca\/International\/wp-json\/wp\/v2\/media?parent=87126"}],"wp:term":[{"taxonomy":"category","embeddable":true,"href":"https:\/\/linitiative.ca\/International\/wp-json\/wp\/v2\/categories?post=87126"},{"taxonomy":"post_tag","embeddable":true,"href":"https:\/\/linitiative.ca\/International\/wp-json\/wp\/v2\/tags?post=87126"}],"curies":[{"name":"wp","href":"https:\/\/api.w.org\/{rel}","templated":true}]}}