{"id":87127,"date":"2020-05-29T09:49:25","date_gmt":"2020-05-29T13:49:25","guid":{"rendered":"https:\/\/linitiative.ca\/International\/coronavirus-le-cameroun-attend-plus-de-294-milliards-fcfa-de-ses-partenaires\/"},"modified":"2020-05-29T09:49:25","modified_gmt":"2020-05-29T13:49:25","slug":"coronavirus-le-cameroun-attend-plus-de-294-milliards-fcfa-de-ses-partenaires","status":"publish","type":"post","link":"https:\/\/linitiative.ca\/International\/coronavirus-le-cameroun-attend-plus-de-294-milliards-fcfa-de-ses-partenaires\/","title":{"rendered":"Coronavirus : le Cameroun attend plus de 294 milliards Fcfa de ses partenaires"},"content":{"rendered":"<div readability=\"32\">\n<p>Publi\u00e9 le 29.05.2020 \u00e0 14h49 par JournalduCameroun.com<\/p>\n<\/div>\n<div readability=\"41\">\n<h2 class=\"c6\">Les promesses d\u2019appuis financiers sont pour soutenir l\u2019\u00e9conomie fortement impact\u00e9e par la crise sanitaire.<\/h2>\n<p class=\"c7\">Le ministre de l\u2019Economie a r\u00e9v\u00e9l\u00e9 en Conseil de Cabinet que le gouvernement est en n\u00e9gociation avec les partenaires bilat\u00e9raux et multilat\u00e9raux pour obtenir des financements en vue de soutenir son \u00e9conomie face \u00e0 la crise sanitaire du coronavirus.<\/p>\n<p class=\"c7\">D\u2019apr\u00e8s la Crtv qui rapporte cette information, les \u00ab\u00a0n\u00e9gociations sont en bons termes\u00a0\u00bb pour que le <strong>Cameroun<\/strong> obtienne plus de 294 milliards Fcfa.<\/p>\n<p class=\"c7\">Le gouvernement ne donne pas plus d\u2019informations sur les partenaires concern\u00e9s ni vers quels secteurs seront dirig\u00e9s les appuis demand\u00e9.<\/p>\n<\/div>\n<p>Auteur: Ludovic Amara<br \/>\n<a href=\"https:\/\/www.journalducameroun.com\/coronavirus-le-cameroun-attend-plus-de-294-milliards-fcfa-de-ses-partenaires-cameroun\/\">Cliquez ici pour lire l&rsquo;article depuis sa source.<\/a><\/p>\n","protected":false},"excerpt":{"rendered":"<p>Publi\u00e9 le 29.05.2020 \u00e0 14h49 par JournalduCameroun.com Les promesses d\u2019appuis financiers sont pour soutenir l\u2019\u00e9conomie fortement impact\u00e9e par la crise sanitaire. Le ministre de l\u2019Economie a r\u00e9v\u00e9l\u00e9 en Conseil de Cabinet que le gouvernement est en n\u00e9gociation avec les partenaires bilat\u00e9raux et multilat\u00e9raux pour obtenir des financements en vue de soutenir son \u00e9conomie face \u00e0 [&hellip;]<\/p>\n","protected":false},"author":1965,"featured_media":0,"comment_status":"closed","ping_status":"closed","sticky":false,"template":"","format":"standard","meta":{"fifu_image_url":"","fifu_image_alt":"","footnotes":""},"categories":[73,82],"tags":[],"class_list":["post-87127","post","type-post","status-publish","format-standard","hentry","category-actualite","category-cameroun"],"_links":{"self":[{"href":"https:\/\/linitiative.ca\/International\/wp-json\/wp\/v2\/posts\/87127","targetHints":{"allow":["GET"]}}],"collection":[{"href":"https:\/\/linitiative.ca\/International\/wp-json\/wp\/v2\/posts"}],"about":[{"href":"https:\/\/linitiative.ca\/International\/wp-json\/wp\/v2\/types\/post"}],"author":[{"embeddable":true,"href":"https:\/\/linitiative.ca\/International\/wp-json\/wp\/v2\/users\/1965"}],"replies":[{"embeddable":true,"href":"https:\/\/linitiative.ca\/International\/wp-json\/wp\/v2\/comments?post=87127"}],"version-history":[{"count":0,"href":"https:\/\/linitiative.ca\/International\/wp-json\/wp\/v2\/posts\/87127\/revisions"}],"wp:attachment":[{"href":"https:\/\/linitiative.ca\/International\/wp-json\/wp\/v2\/media?parent=87127"}],"wp:term":[{"taxonomy":"category","embeddable":true,"href":"https:\/\/linitiative.ca\/International\/wp-json\/wp\/v2\/categories?post=87127"},{"taxonomy":"post_tag","embeddable":true,"href":"https:\/\/linitiative.ca\/International\/wp-json\/wp\/v2\/tags?post=87127"}],"curies":[{"name":"wp","href":"https:\/\/api.w.org\/{rel}","templated":true}]}}