{"id":87132,"date":"2020-05-29T10:00:00","date_gmt":"2020-05-29T14:00:00","guid":{"rendered":"https:\/\/linitiative.ca\/International\/nagguez-dans-le-viseur-de-lesperance\/"},"modified":"2020-05-29T10:00:00","modified_gmt":"2020-05-29T14:00:00","slug":"nagguez-dans-le-viseur-de-lesperance","status":"publish","type":"post","link":"https:\/\/linitiative.ca\/International\/nagguez-dans-le-viseur-de-lesperance\/","title":{"rendered":"Nagguez  dans le viseur de l\u2019Esp\u00e9rance ?"},"content":{"rendered":"<p class=\"MsoNormal c4\"><span class=\"c3\"><span class=\"c2\">\u00a0\u00a0\u00a0\u00a0\u00a0<\/span> L\u2019Esp\u00e9rance S T <span class=\"c2\">\u00a0<\/span>compte recruter un lat\u00e9ral droit durant le prochain mercato estival. Le d\u00e9part de Semah Derbali \u00e9tant quasi-certain ajout\u00e9 \u00e0 celui <span class=\"c2\">\u00a0<\/span>d\u2019Iheb Mbarki pour une \u00e9quipe du Golfe. D\u2019apr\u00e8s des sources concordantes, la direction du club de Bab Souika aurait entam\u00e9 les n\u00e9gociations avec Hamdi Nagguez.<\/span><\/p>\n<p class=\"MsoNormal c4\"><span class=\"c3\"><span class=\"c2\">\u00a0\u00a0\u00a0\u00a0<\/span> <span class=\"c2\">\u00a0<\/span>L\u2019ancien joueur de l\u2019Etoile S S et du Zamalek serait tent\u00e9 par une exp\u00e9rience au complexe Hassan Beihodja.<\/span> <span class=\"c5\">A titre de rappel, le joueur a port\u00e9 les couleurs de Naggue FK Suduva, en Lituanie.<\/span><\/p>\n<p class=\"MsoNormal c7\"><strong><span class=\"c6\">\u00a0<\/span><\/strong><\/p>\n<p class=\"MsoNormal c7\"><strong><span class=\"c6\"><span class=\"c2\">\u00a0<\/span><span class=\"c2\">\u00a0<\/span><\/span><\/strong><strong><span class=\"c8\">Al Ahly n\u2019a aucune intention de recruter Kh\u00e9nissi\u00a0<\/span><\/strong><\/p>\n<p class=\"MsoNormal c10\"><span class=\"c9\"><span class=\"c2\">\u00a0\u00a0\u00a0\u00a0<\/span><\/span> <span class=\"c3\">Une rumeur a circul\u00e9 le weekend dernier \u00e0 propos de l\u2019 int\u00e9r\u00eat que porterait Al Ahly du Caire <span class=\"c2\">\u00a0<\/span>\u00e0 Taha Yassine Khenissi. Sauf que, dans une d\u00e9claration accord\u00e9e \u00e0 la cha\u00eene officielle du club cairote, le directeur sportif, Saied Abdelhafidh, a tir\u00e9 les choses au clair\u00a0: <em>\u00ab\u00a0Nous respectons Khenissi mais nous n\u2019avons aucune intention de le recruter\u00a0\u00bb.<\/em><\/span><\/p>\n<p class=\"MsoNormal c7\"><em><span class=\"c8\">\u00a0<\/span><\/em><\/p>\n<p class=\"MsoNormal c7\"><strong><em><span class=\"c11\">Affaire EST-WAC<\/span><\/em><\/strong> <em><span class=\"c12\">:<\/span><\/em><\/p>\n<p class=\"MsoNormal c7\"><span class=\"c8\"><span class=\"c2\">\u00a0<\/span><strong>Le commissaire du match en tant que t\u00e9moin\u00a0!<\/strong><\/span><\/p>\n<p class=\"MsoNormal c10\"><span class=\"c13\"><span class=\"c2\">\u00a0\u00a0\u00a0\u00a0<\/span><\/span> <span class=\"c5\">Le Tribunal Arbitral Sportif se r\u00e9unira, aujourd\u2019hui, afin d\u2019examiner l\u2019appel formul\u00e9 par le Wydad de Casablanca suite \u00e0 la d\u00e9cision de la CAF d\u2019attribuer le titre de champion d\u2019Afrique \u00e0 l\u2019Esp\u00e9rance S T.<\/span><\/p>\n<p class=\"MsoNormal c10\"><span class=\"c5\"><span class=\"c2\">\u00a0\u00a0\u00a0<\/span> Le club marocain a demand\u00e9 au pr\u00e9sident de la CAF, Ahmad Ahmad, de t\u00e9moigner lors de la r\u00e9union en question. Le Malgache devrait intervenir \u00e0 distance via la technologie vid\u00e9o.\u00a0 La presse marocaine persiste \u00e0 crier tout haut, que le patron du football africain ne serait pas l\u2019 unique t\u00e9moin puisque le commissaire et les superviseurs auraient \u00e9galement \u00e9t\u00e9 convoqu\u00e9s.<\/span><\/p>\n<p class=\"MsoNormal c10\"><span class=\"c5\"><span class=\"c2\">\u00a0\u00a0\u00a0<\/span> Toujours est-il que ce ne sera qu\u2019une temp\u00eate dans un verre d\u2019eau d\u2019autant plus que l\u2019Esp\u00e9rance ST a d\u00e9j\u00e0 disput\u00e9 le Mondial des clubs, en tant que champion , repr\u00e9sentant du continent\u00a0africain.<\/span><\/p>\n<p class=\"MsoNormal c15\"><strong><span class=\"c14\">\u00a0<\/span><\/strong><\/p>\n<p class=\"MsoNormal c15\"><strong><span class=\"c14\">Belle initiative d\u2019 Elhouni\u00a0!<\/span><\/strong><\/p>\n<p class=\"MsoNormal c17\"><span class=\"c16\"><span class=\"c2\">\u00a0\u00a0\u00a0<\/span> Le joueur de l\u2019Esp\u00e9rance S T, Hamdou Elhouni a lanc\u00e9, conjointement avec ses co\u00e9quipiers en s\u00e9lection libyenne, une campagne de charit\u00e9 sous le nom <em>\u00ab\u00a0Ensemble, nous combattons le cancer\u00a0\u00bb.<\/em><\/span><\/p>\n<p class=\"MsoNormal c19\"><span class=\"c18\"><span class=\"c2\">\u00a0\u00a0\u00a0<\/span> Cette campagne vise \u00e0 collecter de l\u2019argent et <span class=\"c2\">\u00a0<\/span>des m\u00e9dicaments au profit des personnes atteintes de cancer pendant le contexte difficile que traverse la Libye actuellement.<\/span><\/p>\n<p class=\"MsoNormal c22\"><span class=\"c20\"><span class=\"c2\">\u00a0\u00a0\u00a0\u00a0\u00a0\u00a0\u00a0\u00a0\u00a0\u00a0\u00a0\u00a0\u00a0\u00a0\u00a0\u00a0\u00a0\u00a0\u00a0\u00a0\u00a0\u00a0\u00a0\u00a0\u00a0\u00a0\u00a0\u00a0\u00a0\u00a0\u00a0\u00a0\u00a0\u00a0\u00a0\u00a0\u00a0\u00a0\u00a0\u00a0\u00a0\u00a0\u00a0\u00a0\u00a0\u00a0\u00a0\u00a0\u00a0<\/span> <span class=\"c2\">\u00a0\u00a0\u00a0\u00a0\u00a0\u00a0\u00a0\u00a0\u00a0\u00a0\u00a0\u00a0\u00a0\u00a0\u00a0\u00a0\u00a0\u00a0\u00a0\u00a0\u00a0\u00a0\u00a0\u00a0\u00a0\u00a0<\/span><\/span><strong><span class=\"c21\">R.B.A<\/span><\/strong><\/p>\n<p>Auteur: letemps1<br \/>\n<a href=\"http:\/\/www.letemps.com.tn\/article\/114201\/nagguez-dans-le-viseur-de-l%E2%80%99esp%C3%A9rance\">Cliquez ici pour lire l&rsquo;article depuis sa source.<\/a><\/p>\n","protected":false},"excerpt":{"rendered":"<p>\u00a0\u00a0\u00a0\u00a0\u00a0 L\u2019Esp\u00e9rance S T \u00a0compte recruter un lat\u00e9ral droit durant le prochain mercato estival. Le d\u00e9part de Semah Derbali \u00e9tant quasi-certain ajout\u00e9 \u00e0 celui \u00a0d\u2019Iheb Mbarki pour une \u00e9quipe du Golfe. D\u2019apr\u00e8s des sources concordantes, la direction du club de Bab Souika aurait entam\u00e9 les n\u00e9gociations avec Hamdi Nagguez. \u00a0\u00a0\u00a0\u00a0 \u00a0L\u2019ancien joueur de l\u2019Etoile S [&hellip;]<\/p>\n","protected":false},"author":1773,"featured_media":0,"comment_status":"closed","ping_status":"closed","sticky":false,"template":"","format":"standard","meta":{"fifu_image_url":"","fifu_image_alt":"","footnotes":""},"categories":[73,55],"tags":[],"class_list":["post-87132","post","type-post","status-publish","format-standard","hentry","category-actualite","category-tunisie"],"_links":{"self":[{"href":"https:\/\/linitiative.ca\/International\/wp-json\/wp\/v2\/posts\/87132","targetHints":{"allow":["GET"]}}],"collection":[{"href":"https:\/\/linitiative.ca\/International\/wp-json\/wp\/v2\/posts"}],"about":[{"href":"https:\/\/linitiative.ca\/International\/wp-json\/wp\/v2\/types\/post"}],"author":[{"embeddable":true,"href":"https:\/\/linitiative.ca\/International\/wp-json\/wp\/v2\/users\/1773"}],"replies":[{"embeddable":true,"href":"https:\/\/linitiative.ca\/International\/wp-json\/wp\/v2\/comments?post=87132"}],"version-history":[{"count":0,"href":"https:\/\/linitiative.ca\/International\/wp-json\/wp\/v2\/posts\/87132\/revisions"}],"wp:attachment":[{"href":"https:\/\/linitiative.ca\/International\/wp-json\/wp\/v2\/media?parent=87132"}],"wp:term":[{"taxonomy":"category","embeddable":true,"href":"https:\/\/linitiative.ca\/International\/wp-json\/wp\/v2\/categories?post=87132"},{"taxonomy":"post_tag","embeddable":true,"href":"https:\/\/linitiative.ca\/International\/wp-json\/wp\/v2\/tags?post=87132"}],"curies":[{"name":"wp","href":"https:\/\/api.w.org\/{rel}","templated":true}]}}