{"id":87133,"date":"2020-05-29T11:44:56","date_gmt":"2020-05-29T15:44:56","guid":{"rendered":"https:\/\/linitiative.ca\/International\/tunisie-la-cnam-annonce-la-date-de-fin-des-mesures-exceptionnelles\/"},"modified":"2020-05-29T11:44:56","modified_gmt":"2020-05-29T15:44:56","slug":"tunisie-la-cnam-annonce-la-date-de-fin-des-mesures-exceptionnelles","status":"publish","type":"post","link":"https:\/\/linitiative.ca\/International\/tunisie-la-cnam-annonce-la-date-de-fin-des-mesures-exceptionnelles\/","title":{"rendered":"Tunisie: La CNAM annonce la date de fin des mesures exceptionnelles"},"content":{"rendered":"<div class=\"post-cont-in left relative\">\n<p>La Caisse nationale d\u2019assurance maladie (CNAM) a annonc\u00e9 vendredi qu\u2019\u00e0 compter du 14 juin 2020, les mesures exceptionnelles prises pendant la p\u00e9riode de confinement sanitaire total seront suspendues.<\/p>\n<div class=\"code-block code-block-1 c3\"><ins class=\"adsbygoogle c2\" data-ad-layout=\"in-article\" data-ad-format=\"fluid\" data-ad-client=\"ca-pub-2102118777505746\" data-ad-slot=\"7301775417\"\/> <\/div>\n<p>Dans un communiqu\u00e9, la CNAM a appel\u00e9 tous les affili\u00e9s sociaux \u00e0 respecter les d\u00e9lais l\u00e9gaux de d\u00e9p\u00f4t des cartes de recouvrement des d\u00e9penses, les demandes de parrainage de services soumis \u00e0 approbation pr\u00e9alable et les demandes de subventions en esp\u00e8ces, le respect des proc\u00e9dures de demandes de prise en charge de soins soumis \u00e0 approbation pr\u00e9alable et le respect de la p\u00e9riode stipul\u00e9e par les d\u00e9cisions de prise en charge des services de sant\u00e9.<\/p>\n<p>La Caisse a \u00e9galement appel\u00e9 tous ses affili\u00e9s \u00e0 continuer de d\u00e9poser des demandes de prise en charge et des cartes de recouvrement des d\u00e9penses avec des fonds destin\u00e9s \u00e0 cet effet, afin de pr\u00e9server leur s\u00e9curit\u00e9 de toute infection possible du fait de leur pr\u00e9sence en grand nombre en m\u00eame temps dans l\u2019espace d\u2019accueil.<\/p>\n<p>La CNAM a indiqu\u00e9 que la proc\u00e9dure relative \u00e0 la prolongation de la validit\u00e9 des cartes de traitement expire le 31 mai 2020, invitant l\u2019assur\u00e9 social dont les cartes de traitement ont expir\u00e9 \u00e0 contacter les centres de la Caisse pour les renouveler.<\/p>\n<div class=\"swp_social_panel swp_horizontal_panel swp_flat_fresh swp_default_full_color swp_individual_full_color swp_other_full_color scale-100 scale-\" data-min-width=\"1100\" data-float-color=\"#ffffff\" data-float=\"bottom\" data-float-mobile=\"bottom\" data-transition=\"slide\">\n<div class=\"nc_tweetContainer swp_share_button total_shares total_sharesalt\"><span class=\"swp_count\">12 <span class=\"swp_label\">Partages<\/span><\/span><\/div>\n<\/div>\n<p><strong>Que se passe-t-il en Tunisie?<\/strong><br \/>Nous expliquons sur notre <a href=\"https:\/\/www.youtube.com\/channel\/UCRzypVq0B_yBad5eGrwBx0Q?sub_confirmation=1\" target=\"_blank\" rel=\"noopener noreferrer\">cha\u00eene YouTube<\/a> . <a href=\"https:\/\/www.youtube.com\/channel\/UCRzypVq0B_yBad5eGrwBx0Q?sub_confirmation=1\" target=\"_blank\" rel=\"noopener noreferrer\">Abonnez-vous!<\/a><\/p>\n<div class=\"mvp-org-wrap mvp-org-logo\" itemprop=\"publisher\" itemscope=\"\" itemtype=\"https:\/\/schema.org\/Organization\"><img decoding=\"async\" src=\"https:\/\/www.tunisienumerique.com\/wp-content\/uploads\/2017\/02\/logo_tunisie_numerique.png\"\/><\/div>\n<div class=\"mvp-related-posts left relative\">\n<h4 class=\"post-header\"><span class=\"post-header\">Lire aussi<\/span><\/h4>\n<\/div>\n<div id=\"article-ad\"><ins class=\"adsbygoogle c4\" data-ad-client=\"ca-pub-2102118777505746\" data-ad-slot=\"6513972734\" data-ad-format=\"auto\" data-full-width-responsive=\"true\"\/> <\/div>\n<\/div>\n<div id=\"post-sidebar-wrap\"><ins class=\"adsbygoogle c4\" data-ad-client=\"ca-pub-2102118777505746\" data-ad-slot=\"6168283410\" data-ad-format=\"auto\" data-full-width-responsive=\"true\"\/> <\/div>\n<p>Auteur: Mourad S<br \/>\n<a href=\"https:\/\/www.tunisienumerique.com\/tunisie-la-cnam-annonce-la-date-de-fin-des-mesures-exceptionnelles\/\">Cliquez ici pour lire l&rsquo;article depuis sa source.<\/a><\/p>\n","protected":false},"excerpt":{"rendered":"<p>La Caisse nationale d\u2019assurance maladie (CNAM) a annonc\u00e9 vendredi qu\u2019\u00e0 compter du 14 juin 2020, les mesures exceptionnelles prises pendant la p\u00e9riode de confinement sanitaire total seront suspendues. Dans un communiqu\u00e9, la CNAM a appel\u00e9 tous les affili\u00e9s sociaux \u00e0 respecter les d\u00e9lais l\u00e9gaux de d\u00e9p\u00f4t des cartes de recouvrement des d\u00e9penses, les demandes de [&hellip;]<\/p>\n","protected":false},"author":1789,"featured_media":87143,"comment_status":"closed","ping_status":"closed","sticky":false,"template":"","format":"standard","meta":{"fifu_image_url":"","fifu_image_alt":"","footnotes":""},"categories":[73,55],"tags":[],"class_list":["post-87133","post","type-post","status-publish","format-standard","has-post-thumbnail","hentry","category-actualite","category-tunisie"],"_links":{"self":[{"href":"https:\/\/linitiative.ca\/International\/wp-json\/wp\/v2\/posts\/87133","targetHints":{"allow":["GET"]}}],"collection":[{"href":"https:\/\/linitiative.ca\/International\/wp-json\/wp\/v2\/posts"}],"about":[{"href":"https:\/\/linitiative.ca\/International\/wp-json\/wp\/v2\/types\/post"}],"author":[{"embeddable":true,"href":"https:\/\/linitiative.ca\/International\/wp-json\/wp\/v2\/users\/1789"}],"replies":[{"embeddable":true,"href":"https:\/\/linitiative.ca\/International\/wp-json\/wp\/v2\/comments?post=87133"}],"version-history":[{"count":0,"href":"https:\/\/linitiative.ca\/International\/wp-json\/wp\/v2\/posts\/87133\/revisions"}],"wp:featuredmedia":[{"embeddable":true,"href":"https:\/\/linitiative.ca\/International\/wp-json\/"}],"wp:attachment":[{"href":"https:\/\/linitiative.ca\/International\/wp-json\/wp\/v2\/media?parent=87133"}],"wp:term":[{"taxonomy":"category","embeddable":true,"href":"https:\/\/linitiative.ca\/International\/wp-json\/wp\/v2\/categories?post=87133"},{"taxonomy":"post_tag","embeddable":true,"href":"https:\/\/linitiative.ca\/International\/wp-json\/wp\/v2\/tags?post=87133"}],"curies":[{"name":"wp","href":"https:\/\/api.w.org\/{rel}","templated":true}]}}