{"id":87134,"date":"2020-05-29T09:12:22","date_gmt":"2020-05-29T13:12:22","guid":{"rendered":"https:\/\/linitiative.ca\/International\/mort-de-12-detenus-a-tanwalbougou\/"},"modified":"2020-05-29T09:12:22","modified_gmt":"2020-05-29T13:12:22","slug":"mort-de-12-detenus-a-tanwalbougou","status":"publish","type":"post","link":"https:\/\/linitiative.ca\/International\/mort-de-12-detenus-a-tanwalbougou\/","title":{"rendered":"MORT DE 12 DETENUS A TANWALBOUGOU  \u00a0"},"content":{"rendered":"<div class=\"stream-item stream-item-above-post-content\">\n<p><noscript><\/p>\n<p><a href=\"\/\/www3.smartadserver.com\/ac?jump=1&amp;nwid=2136&amp;siteid=240610&amp;pgname=rg&amp;fmtid=49046&amp;visit=m&amp;tmstp=[timestamp]&amp;out=nonrich\" target=\"_blank\" rel=\"noopener noreferrer\"><img decoding=\"async\" src=\"http:\/\/www3.smartadserver.com\/ac?out=nonrich&amp;nwid=2136&amp;siteid=240610&amp;pgname=rg&amp;fmtid=49046&amp;visit=m&amp;tmstp=[timestamp]\" border=\"0\" alt=\"\"\/><\/a><\/p>\n<p><\/noscript><\/div>\n<p class=\"c3\"><strong><em>Le Conseil d\u2019information et de suivi des actions du gouvernement (CISAG) s\u2019est prononc\u00e9 sur la mort des 12 d\u00e9tenus \u00e0 Tanwalbougou. C\u2019\u00e9tait au cours d\u2019un point de presse de ladite structure sur la situation nationale du pays, le 28 mai 2020 \u00e0 Ouagadougou.<\/em><\/strong><\/p>\n<p class=\"c3\"><strong><em>\u00a0<\/em><\/strong><em>Le CISAG n\u2019est pas pass\u00e9 par 4 chemins pour donner son avis sur\u00a0l\u2019affaire de pr\u00e9sum\u00e9es bavures de FDS qui aurait caus\u00e9 la mort de 12 d\u00e9tenus dans une cellule \u00e0 Tanwalbougou. Le pr\u00e9sident du CISAG, Issiaka Ou\u00e9draogo, avant d\u2019aborder la question proprement dite, a rappel\u00e9 aux Hommes de m\u00e9dias que le CISAG n\u2019a pas pour vocation de caresser qui que ce soit dans le sens du poil. Pour ce qui est de la mort de d\u00e9tenus \u00e0 Tanwalbougou, il a laiss\u00e9 entendre\u00a0ceci: \u00ab\u00a0Nous pensons, nous estimons et nous sommes s\u00fbrs que nos Forces de d\u00e9fense et de s\u00e9curit\u00e9 sont des personnes assez m\u00fbres, responsables, assez form\u00e9es, assez intelligentes pour faire des bavures de ce genre\u00a0\u00bb. Puis d\u2019ajouter\u00a0: \u00ab\u00a0Nous disons que si les FDS ont pu abattre un individu pour des raisons de s\u00e9curit\u00e9, c\u2019est qu\u2019il en vaut la peine\u00a0\u00bb. En plus, pour ce dernier, le Collectif contre l\u2019impunit\u00e9 et la stigmatisation des communaut\u00e9s (CISC) \u00ab\u00a0devrait mettre beaucoup d\u2019eau dans son vin\u00a0. \u00a0Nous sommes aussi de la soci\u00e9t\u00e9 civile comme eux, et nous pensons que ce n\u2019est pas ainsi que nous allons r\u00e9gler le probl\u00e8me du terrorisme, ce n\u2019est pas en accusant des gens d\u2019avoir fait des bavures\u00a0\u00bb, a confi\u00e9 le pr\u00e9sident du CISAG. Par ailleurs, Issiaka Ou\u00e9draogo pense qu\u2019il y a des zones d\u2019ombres dans les propos du d\u00e9put\u00e9-maire de la commune de Dori quand il d\u00e9clare qu\u2019 un de ses cousins a re\u00e7u une balle dans la t\u00eate lors de cette d\u00e9tention. \u00ab\u00a0Nous avons \u00e9cout\u00e9 avec int\u00e9r\u00eat le d\u00e9put\u00e9-maire de Dori qui dit que son cousin a \u00e9t\u00e9 assassin\u00e9 par des Forces de l\u2019ordre. J\u2019ai deux questions que je me pose, notamment, qu\u2019est-ce que son cousin est all\u00e9 chercher \u00e0 Fada au moment des faits\u00a0?\u00a0 Aussi, les corps ont \u00e9t\u00e9 emball\u00e9s dans des sachets, et lui il est parti reconna\u00eetre le corps de son cousin emball\u00e9 dans un sachet alors que des noms n\u2019\u00e9taient pas inscrits sur les sachets. Comment a-t-il fait pour reconna\u00eetre le corps de son cousin parmi tant d\u2019autres\u00a0?\u00a0\u00bb, S\u2019est-il interrog\u00e9, avant de poursuivre en ces termes\u00a0: \u00ab\u00a0nous disons haut et fort et le r\u00e9p\u00e9tons, il n\u2019 y a pas eu de bavure de l\u2019arm\u00e9e. Il n\u2019 y a pas eu de bavure de la gendarmerie parce que des rescap\u00e9s ont t\u00e9moign\u00e9 que ces gens n\u2019ont pas \u00e9t\u00e9 tu\u00e9s par balle. M\u00eame le procureur g\u00e9n\u00e9ral du Faso, pr\u00e8s la Cour d\u2019appel de Fada est sorti faire sa communication et il a aussi dit que ces personnes n\u2019ont pas \u00e9t\u00e9 tu\u00e9es par balles \u00bb. En plus, a-t-il soutenu, pendant que les FDS meurent sur le terrain, \u00ab\u00a0je n\u2019ai pas vu une association qui est sortie pour pleurer le sort des soldats qui tombent sur les champs de bataille.\u00a0Nous n\u2019avons pas vu un quelconque collectif qui est sorti d\u00e9noncer ces tueries\u00a0\u00bb. S\u2019agissant de la question de l\u2019ins\u00e9curit\u00e9 au Burkina, le pr\u00e9sident du CISAG a fait savoir que le Burkina est confront\u00e9 \u00e0 3 probl\u00e8mes, notamment le probl\u00e8me du terrorisme, celui du djihadisme et celui du banditisme. Cependant, \u00e0 son avis, la r\u00e9gion de Fada N\u2019Gourma est empreinte \u00e0 des probl\u00e8mes de \u00ab\u00a0banditisme\u00a0\u00bb, \u00ab\u00a0ce n\u2019est pas du djihadisme ni du terrorisme\u00a0\u00bb. \u00a0Le CISAG, a-t-il soutenu, a fait un d\u00e9placement \u00e0 Fada en d\u00e9cembre dernier et a interrog\u00e9 les diff\u00e9rentes populations. \u00ab\u00a0Ceux-l\u00e0 qui tuent nos FDS ne sont pas des gens qui viennent de l\u2019ext\u00e9rieur mais ce sont des Burkinab\u00e8\u00a0\u00bb, a d\u00e9clar\u00e9 Issiaka Ou\u00e9draogo. A cet effet, il a demand\u00e9 \u00e0 toutes les communaut\u00e9s, de savoir raison garder et de toujours se sensibiliser pour la coh\u00e9sion sociale. Un autre point qu\u2019a abord\u00e9 le CISAG lors de son point de presse, c\u2019est la question de la nouvelle orientation de l\u2019ann\u00e9e acad\u00e9mique. Pour le CISAG, l\u2019essentiel \u00e9tait de trouver une solution pour sauver l\u2019ann\u00e9e acad\u00e9mique. Donc, il trouve acceptables les diff\u00e9rentes d\u00e9cisions du gouvernement. Par rapport \u00e0 la d\u00e9cision de r\u00e9vocation des 3 agents des imp\u00f4ts, Issiaka Ou\u00e9draogo a estim\u00e9 que s\u2019il y a r\u00e9vocation, c\u2019est qu\u2019il y a eu des fautes graves. Pour lui, tout agent doit \u00eatre sanctionn\u00e9 \u00e0 la hauteur de son forfait. Aussi, concernant l\u2019arrestation de l\u2019ex-ministre de la D\u00e9fense, Jean-Claude Bouda, celui-ci a laiss\u00e9 entendre que \u00ab\u00a0contrairement \u00e0 certaines entit\u00e9s, le CISAG ne se r\u00e9jouit pas de l\u2019arrestation d\u2019un homme, fut-il ancien ministre. Car, ce serait une erreur de faire une fixation sur son cas. Le CISAG se r\u00e9jouit plut\u00f4t du fait que le jeu institutionnel semble gagner en maturit\u00e9. Aussi, a-t-il souhait\u00e9 que notre fragile Etat de droit puisse aller de l\u2019avant, en se renfor\u00e7ant et en gagnant en cr\u00e9dibilit\u00e9. \u00a0<\/em><\/p>\n<p class=\"c3\"><em>\u00a0<\/em><\/p>\n<p class=\"c3\"><strong><em>Fr\u00e9d\u00e9ric TIANHOUN (Collaborateur)<\/em><\/strong><\/p>\n<p class=\"c3\"><em>\u00a0<\/em><\/p>\n<p>Auteur: Le Pays<br \/>\n<a href=\"http:\/\/lepays.bf\/mort-de-12-detenus-a-tanwalbougou\/\">Cliquez ici pour lire l&rsquo;article depuis sa source.<\/a><\/p>\n","protected":false},"excerpt":{"rendered":"<p>Le Conseil d\u2019information et de suivi des actions du gouvernement (CISAG) s\u2019est prononc\u00e9 sur la mort des 12 d\u00e9tenus \u00e0 Tanwalbougou. C\u2019\u00e9tait au cours d\u2019un point de presse de ladite structure sur la situation nationale du pays, le 28 mai 2020 \u00e0 Ouagadougou. \u00a0Le CISAG n\u2019est pas pass\u00e9 par 4 chemins pour donner son avis [&hellip;]<\/p>\n","protected":false},"author":1813,"featured_media":0,"comment_status":"closed","ping_status":"closed","sticky":false,"template":"","format":"standard","meta":{"fifu_image_url":"","fifu_image_alt":"","footnotes":""},"categories":[73,81],"tags":[],"class_list":["post-87134","post","type-post","status-publish","format-standard","hentry","category-actualite","category-burkina-faso"],"_links":{"self":[{"href":"https:\/\/linitiative.ca\/International\/wp-json\/wp\/v2\/posts\/87134","targetHints":{"allow":["GET"]}}],"collection":[{"href":"https:\/\/linitiative.ca\/International\/wp-json\/wp\/v2\/posts"}],"about":[{"href":"https:\/\/linitiative.ca\/International\/wp-json\/wp\/v2\/types\/post"}],"author":[{"embeddable":true,"href":"https:\/\/linitiative.ca\/International\/wp-json\/wp\/v2\/users\/1813"}],"replies":[{"embeddable":true,"href":"https:\/\/linitiative.ca\/International\/wp-json\/wp\/v2\/comments?post=87134"}],"version-history":[{"count":0,"href":"https:\/\/linitiative.ca\/International\/wp-json\/wp\/v2\/posts\/87134\/revisions"}],"wp:attachment":[{"href":"https:\/\/linitiative.ca\/International\/wp-json\/wp\/v2\/media?parent=87134"}],"wp:term":[{"taxonomy":"category","embeddable":true,"href":"https:\/\/linitiative.ca\/International\/wp-json\/wp\/v2\/categories?post=87134"},{"taxonomy":"post_tag","embeddable":true,"href":"https:\/\/linitiative.ca\/International\/wp-json\/wp\/v2\/tags?post=87134"}],"curies":[{"name":"wp","href":"https:\/\/api.w.org\/{rel}","templated":true}]}}