{"id":87137,"date":"2020-05-29T11:25:06","date_gmt":"2020-05-29T15:25:06","guid":{"rendered":"https:\/\/linitiative.ca\/International\/21-nouvelles-remissions-6-nouveaux-cas-confirmes-drs\/"},"modified":"2020-05-29T11:25:06","modified_gmt":"2020-05-29T15:25:06","slug":"21-nouvelles-remissions-6-nouveaux-cas-confirmes-drs","status":"publish","type":"post","link":"https:\/\/linitiative.ca\/International\/21-nouvelles-remissions-6-nouveaux-cas-confirmes-drs\/","title":{"rendered":"21 nouvelles r\u00e9missions, 6 nouveaux cas confirm\u00e9s (DRS)"},"content":{"rendered":"<div readability=\"35\">\n<p>Marrakech \u2013 Un total de 21 nouvelles r\u00e9missions du Covid-19 ont \u00e9t\u00e9 recens\u00e9es au niveau de la r\u00e9gion Marrakech-Safi, portant \u00e0 1.227 le nombre des personnes d\u00e9clar\u00e9es d\u00e9finitivement r\u00e9tablies dans la r\u00e9gion jusqu\u2019\u00e0 vendredi \u00e0 13H00.<\/p>\n<\/div>\n<div readability=\"78\">\n<p>Selon un nouveau bilan de la Direction R\u00e9gionale de la Sant\u00e9 (DRS), 20 nouveaux cas de gu\u00e9rison ont \u00e9t\u00e9 signal\u00e9s dans la pr\u00e9fecture de Marrakech et un seul dans la province de Chichaoua, devenue ainsi indemne de tout cas d\u2019infection au nouveau coronavirus.<\/p>\n<p>Ainsi, le total des cas gu\u00e9ris est r\u00e9parti entre la pr\u00e9fecture de Marrakech (913) et les provinces de Rehamna (231), d\u2019Al Haouz (49), de Chichaoua (24), d\u2019El Kel\u00e2a des Sraghna (04), d\u2019Essaouira (04) et de Safi (02), rel\u00e8ve la m\u00eame source, pr\u00e9cisant que le taux de gu\u00e9rison a atteint 91,9%.<\/p>\n<p>Par ailleurs, la DRS rel\u00e8ve que six nouveaux cas d\u2019infection au Covid-19 ont \u00e9t\u00e9 d\u00e9tect\u00e9s, portant \u00e0 1.335 le nombre total des contaminations confirm\u00e9es dans la r\u00e9gion depuis le d\u00e9clenchement de la pand\u00e9mie.<\/p>\n<p>Par ailleurs, 60 patients sont actuellement sous traitement, r\u00e9partis entre la pr\u00e9fecture de Marrakech (56) et les provinces de Safi (3 d\u00e9tect\u00e9s au niveau de la r\u00e9gion de Casablanca-Settat) et d\u2019Al Haouz (01), indique la m\u00eame source.<\/p>\n<p>Le nombre des cas exclus apr\u00e8s des r\u00e9sultats n\u00e9gatifs d\u2019analyses effectu\u00e9es au laboratoire s\u2019\u00e9l\u00e8ve \u00e0 17.154, alors que celui des d\u00e9c\u00e8s s\u2019est stabilis\u00e9 \u00e0 51, fait savoir la Direction R\u00e9gionale de la Sant\u00e9.<\/p>\n<p>Au niveau national, 54 nouveaux cas d\u2019infection au Covid-19 ont \u00e9t\u00e9 confirm\u00e9s, portant \u00e0 7.697 le nombre total des cas de contamination jusqu\u2019\u00e0 vendredi \u00e0 10H00.<\/p>\n<p>Le nombre de cas gu\u00e9ris s\u2019\u00e9l\u00e8ve \u00e0 5.223 avec 28 nouvelles r\u00e9missions, alors que le nombre de d\u00e9c\u00e8s s\u2019\u00e9tablit \u00e0 202 cas, selon les chiffres du minist\u00e8re de la Sant\u00e9.<\/p>\n<\/div>\n<p>Auteur: Meriem IGASS<br \/>\n<a href=\"http:\/\/www.mapmarrakech.ma\/fr\/21-nouvelles-remissions-6-nouveaux-cas-confirmes-drs\/\">Cliquez ici pour lire l&rsquo;article depuis sa source.<\/a><\/p>\n","protected":false},"excerpt":{"rendered":"<p>Marrakech \u2013 Un total de 21 nouvelles r\u00e9missions du Covid-19 ont \u00e9t\u00e9 recens\u00e9es au niveau de la r\u00e9gion Marrakech-Safi, portant \u00e0 1.227 le nombre des personnes d\u00e9clar\u00e9es d\u00e9finitivement r\u00e9tablies dans la r\u00e9gion jusqu\u2019\u00e0 vendredi \u00e0 13H00. Selon un nouveau bilan de la Direction R\u00e9gionale de la Sant\u00e9 (DRS), 20 nouveaux cas de gu\u00e9rison ont \u00e9t\u00e9 [&hellip;]<\/p>\n","protected":false},"author":1788,"featured_media":0,"comment_status":"closed","ping_status":"closed","sticky":false,"template":"","format":"standard","meta":{"fifu_image_url":"","fifu_image_alt":"","footnotes":""},"categories":[54,76],"tags":[],"class_list":["post-87137","post","type-post","status-publish","format-standard","hentry","category-maroc","category-regions"],"_links":{"self":[{"href":"https:\/\/linitiative.ca\/International\/wp-json\/wp\/v2\/posts\/87137","targetHints":{"allow":["GET"]}}],"collection":[{"href":"https:\/\/linitiative.ca\/International\/wp-json\/wp\/v2\/posts"}],"about":[{"href":"https:\/\/linitiative.ca\/International\/wp-json\/wp\/v2\/types\/post"}],"author":[{"embeddable":true,"href":"https:\/\/linitiative.ca\/International\/wp-json\/wp\/v2\/users\/1788"}],"replies":[{"embeddable":true,"href":"https:\/\/linitiative.ca\/International\/wp-json\/wp\/v2\/comments?post=87137"}],"version-history":[{"count":0,"href":"https:\/\/linitiative.ca\/International\/wp-json\/wp\/v2\/posts\/87137\/revisions"}],"wp:attachment":[{"href":"https:\/\/linitiative.ca\/International\/wp-json\/wp\/v2\/media?parent=87137"}],"wp:term":[{"taxonomy":"category","embeddable":true,"href":"https:\/\/linitiative.ca\/International\/wp-json\/wp\/v2\/categories?post=87137"},{"taxonomy":"post_tag","embeddable":true,"href":"https:\/\/linitiative.ca\/International\/wp-json\/wp\/v2\/tags?post=87137"}],"curies":[{"name":"wp","href":"https:\/\/api.w.org\/{rel}","templated":true}]}}