{"id":87140,"date":"2020-05-29T10:00:00","date_gmt":"2020-05-29T14:00:00","guid":{"rendered":"https:\/\/linitiative.ca\/International\/walid-karoui-rempile-pour-deux-saisons-supplementaires\/"},"modified":"2020-05-29T10:00:00","modified_gmt":"2020-05-29T14:00:00","slug":"walid-karoui-rempile-pour-deux-saisons-supplementaires","status":"publish","type":"post","link":"https:\/\/linitiative.ca\/International\/walid-karoui-rempile-pour-deux-saisons-supplementaires\/","title":{"rendered":"Walid Karoui rempile pour deux saisons suppl\u00e9mentaires"},"content":{"rendered":"<p class=\"MsoNormal c3\"><span class=\"c2\">Apr\u00e8s les deux gardiens Aymen Dahmen et Sabri Ben Hassine et le d\u00e9fenseur Houssam Dagdoug, ce fut un autre\u00a0joueur de rempiler pour deux ann\u00e9es suppl\u00e9mentaires avec son club. Il s&rsquo;agit du milieu de terrain Walid Karoui\u00a0 qui a sign\u00e9 un nouveau contrat allant jusqu&rsquo;au 30 juin 2023. Les n\u00e9gociations avec les deux d\u00e9fenseurs\u00a0centraux, H\u00e9ni Amamou et Nessim Hnid dans le but de les amener \u00e0 renouveler leur bail sont toujours au point mort. Les deux joueurs en question consid\u00e8rent\u00a0que les nouveaux contrats qui leur sont propos\u00e9s par leurs\u00a0employeurs ne sont pas, au niveau des avantages financiers,\u00a0 diff\u00e9rents de leur actuels contrats qu&rsquo;ils ont sign\u00e9s au d\u00e9but de leur carri\u00e8re de joueurs\u00a0professionnels et que de ce fait ils ne r\u00e9pondent pas \u00e0 leurs aspirations.\u00a0<\/span><\/p>\n<p class=\"MsoNormal c3\"><span class=\"c2\">Les deux joueurs en question estiment que la signature d&rsquo;un nouveau contrat n&rsquo;est pas une urgence du fait qu&rsquo;ils sont li\u00e9s avec leur club\u00a0jusqu&rsquo;au 30 juin 2021 et que par cons\u00e9quent leurs employeurs disposent de suffisamment de temps pour leur faire de nouvelles propositions salariales. Nessim Hnid et Heni Amamou ont tenu \u00e0 affirmer qu&rsquo;ils continue de donner la priorit\u00e9 absolue au CSS, le club qui les a form\u00e9s et forg\u00e9 leur talent et pour lequel ils vouent un amour et une fid\u00e9lit\u00e9 sans bornes\u00a0\u00bb\u00a0 \u00a0 \u00a0\u00a0<\/span><\/p>\n<p class=\"MsoNormal c3\"><span class=\"c2\">\u00a0<\/span><\/p>\n<p class=\"MsoNormal c3\"><strong><span class=\"c2\">92 ans d&rsquo;existence<\/span><\/strong><\/p>\n<p class=\"MsoNormal c3\"><span class=\"c2\">\u00a0<\/span><\/p>\n<p class=\"MsoNormal c3\"><span class=\"c2\">La famille \u00ab\u00a0Noir et Blanc&rsquo; a f\u00eat\u00e9, hier, le 92\u00e8me anniversaire de son club qui\u00a0 qui a \u00e9t\u00e9 fond\u00e9 le 28 mai 1928 sous le nom du &lsquo;Club Tunisien&rsquo; et fut pr\u00e9sid\u00e9 pour la premi\u00e8re fois de son histoire par feu Zouheir Ayadi. En 1962, il changea d&rsquo;appellation pour devenir le Club Sportif\u00a0Sfaxien avec pour couleurs officielles, le noir et blanc, en remplacement de ses\u00a0couleurs originelles, le rouge et le vert.<\/span><\/p>\n<p class=\"MsoNormal c5\"><span class=\"c2\"><span class=\"c4\">\u00a0\u00a0\u00a0\u00a0\u00a0\u00a0\u00a0\u00a0\u00a0\u00a0\u00a0\u00a0\u00a0\u00a0\u00a0\u00a0\u00a0\u00a0\u00a0\u00a0\u00a0\u00a0\u00a0\u00a0\u00a0\u00a0\u00a0\u00a0\u00a0\u00a0\u00a0\u00a0\u00a0\u00a0\u00a0\u00a0\u00a0\u00a0\u00a0\u00a0\u00a0\u00a0\u00a0\u00a0\u00a0\u00a0\u00a0\u00a0\u00a0\u00a0\u00a0\u00a0\u00a0\u00a0\u00a0\u00a0\u00a0\u00a0\u00a0\u00a0\u00a0\u00a0\u00a0\u00a0\u00a0\u00a0\u00a0\u00a0\u00a0\u00a0\u00a0\u00a0\u00a0\u00a0\u00a0\u00a0\u00a0\u00a0\u00a0\u00a0\u00a0\u00a0\u00a0\u00a0\u00a0\u00a0\u00a0\u00a0\u00a0\u00a0\u00a0\u00a0\u00a0\u00a0\u00a0\u00a0\u00a0\u00a0\u00a0\u00a0\u00a0\u00a0\u00a0\u00a0<\/span> <strong>Ameur KERKEENNI\u00a0 \u00a0<\/strong><\/span><\/p>\n<p>Auteur: letemps1<br \/>\n<a href=\"http:\/\/www.letemps.com.tn\/article\/114202\/walid-karoui-rempile-pour-deux-saisons-suppl%C3%A9mentaires\">Cliquez ici pour lire l&rsquo;article depuis sa source.<\/a><\/p>\n","protected":false},"excerpt":{"rendered":"<p>Apr\u00e8s les deux gardiens Aymen Dahmen et Sabri Ben Hassine et le d\u00e9fenseur Houssam Dagdoug, ce fut un autre\u00a0joueur de rempiler pour deux ann\u00e9es suppl\u00e9mentaires avec son club. Il s&rsquo;agit du milieu de terrain Walid Karoui\u00a0 qui a sign\u00e9 un nouveau contrat allant jusqu&rsquo;au 30 juin 2023. Les n\u00e9gociations avec les deux d\u00e9fenseurs\u00a0centraux, H\u00e9ni Amamou [&hellip;]<\/p>\n","protected":false},"author":1773,"featured_media":0,"comment_status":"closed","ping_status":"closed","sticky":false,"template":"","format":"standard","meta":{"fifu_image_url":"","fifu_image_alt":"","footnotes":""},"categories":[73,55],"tags":[],"class_list":["post-87140","post","type-post","status-publish","format-standard","hentry","category-actualite","category-tunisie"],"_links":{"self":[{"href":"https:\/\/linitiative.ca\/International\/wp-json\/wp\/v2\/posts\/87140","targetHints":{"allow":["GET"]}}],"collection":[{"href":"https:\/\/linitiative.ca\/International\/wp-json\/wp\/v2\/posts"}],"about":[{"href":"https:\/\/linitiative.ca\/International\/wp-json\/wp\/v2\/types\/post"}],"author":[{"embeddable":true,"href":"https:\/\/linitiative.ca\/International\/wp-json\/wp\/v2\/users\/1773"}],"replies":[{"embeddable":true,"href":"https:\/\/linitiative.ca\/International\/wp-json\/wp\/v2\/comments?post=87140"}],"version-history":[{"count":0,"href":"https:\/\/linitiative.ca\/International\/wp-json\/wp\/v2\/posts\/87140\/revisions"}],"wp:attachment":[{"href":"https:\/\/linitiative.ca\/International\/wp-json\/wp\/v2\/media?parent=87140"}],"wp:term":[{"taxonomy":"category","embeddable":true,"href":"https:\/\/linitiative.ca\/International\/wp-json\/wp\/v2\/categories?post=87140"},{"taxonomy":"post_tag","embeddable":true,"href":"https:\/\/linitiative.ca\/International\/wp-json\/wp\/v2\/tags?post=87140"}],"curies":[{"name":"wp","href":"https:\/\/api.w.org\/{rel}","templated":true}]}}