{"id":87141,"date":"2020-05-29T07:57:00","date_gmt":"2020-05-29T11:57:00","guid":{"rendered":"https:\/\/linitiative.ca\/International\/quel-impact-socio-economique-du-covid-19-sur-les-menages-tunisiens\/"},"modified":"2020-05-29T07:57:00","modified_gmt":"2020-05-29T11:57:00","slug":"quel-impact-socio-economique-du-covid-19-sur-les-menages-tunisiens","status":"publish","type":"post","link":"https:\/\/linitiative.ca\/International\/quel-impact-socio-economique-du-covid-19-sur-les-menages-tunisiens\/","title":{"rendered":"Quel impact socio-\u00e9conomique du Covid-19 sur les m\u00e9nages tunisiens ?"},"content":{"rendered":"<p>En collaboration avec la Banque Mondiale, l&rsquo;Institut National de la Statistique\u00a0 a men\u00e9 cette enqu\u00eate administr\u00e9e par t\u00e9l\u00e9phone aupr\u00e8s d\u2019un panel de 1369 m\u00e9nages repr\u00e9sentatif de la population tunisienne. Le nombre de r\u00e9pondants \u00e0 la premi\u00e8re vague de l\u2019enqu\u00eate, men\u00e9e du 29 avril au 8 mai 2020, \u00e9tait de 1030 m\u00e9nages, soit un taux de r\u00e9ponse de 77%. L\u2019\u00e9chantillon permet de d\u00e9cliner des r\u00e9sultats statistiquement significatifs au niveau national, par milieu. Les principaux th\u00e8mes abord\u00e9s par la premi\u00e8re vague de l\u2019enqu\u00eate sont: les connaissances et comportements sociaux des tunisiens en lien avec le COVID-19, l\u2019acc\u00e8s aux biens et services\/s\u00e9curit\u00e9 alimentaire et l\u2019activit\u00e9 \u00e9conomique.<\/p>\n<p><span class=\"c3\"><span class=\"c2\"><strong>Bonne connaissance des mesures sanitaires<\/strong><\/span><\/span><\/p>\n<p>Le premier r\u00e9sultat qui ressort de l\u2019enqu\u00eate est la bonne connaissance par les Tunisiens des mesures \u00e0 respecter pour limiter la propagation du virus. La grande majorit\u00e9 des enqu\u00eat\u00e9s ont adopt\u00e9 et respect\u00e9 les mesures basiques d\u2019hygi\u00e8ne et de distanciation sociale. Au niveau de la disponibilit\u00e9 des biens de consommation, la crise sanitaire a eu des r\u00e9percussions sur l\u2019approvisionnement en certains produits de base, essentiellement la farine et la semoule et dans une moindre mesure les produits sanitaires. Cette p\u00e9nurie a affect\u00e9 de mani\u00e8re relativement \u00e9gale l\u2019ensemble des classes de la population. Toutefois, d\u2019autres denr\u00e9es alimentaires (pains, pates, l\u00e9gumes, fruits), les produits de nettoyage ou encore les produits \u00e9nerg\u00e9tiques \u00e9taient largement disponibles. En revanche, l\u2019acc\u00e8s aux produits sanitaires a \u00e9t\u00e9 plus difficile pour les personnes ayant un niveau de vie plus modeste. Cette enqu\u00eate confirme que le taux de couverture sociale et sa qualit\u00e9 sont moins bons pour les personnes les plus vuln\u00e9rables \u00e9conomiquement. Cette tranche de la population serait donc a priori plus expos\u00e9e \u00e0 l\u2019impact d\u2019une crise sanitaire.<\/p>\n<p><span class=\"c2\"><span class=\"c3\"><strong>Difficult\u00e9s \u00e0 se d\u00e9placer et \u00e0 trouver du personnel m\u00e9dical<\/strong><\/span><\/span><\/p>\n<p>Cependant, la difficult\u00e9 d\u2019acc\u00e8s aux soins dans le cadre du confinement a touch\u00e9 de fa\u00e7on quasi uniforme l\u2019ensemble des cat\u00e9gories de la population. Ceci est principalement d\u00fb aux difficult\u00e9s \u00e0 se d\u00e9placer et \u00e0 trouver du personnel m\u00e9dical disponible lorsdu confinement.En outre, l\u2019enqu\u00eate r\u00e9v\u00e8le que pr\u00e8s des deux tiers des m\u00e9nages ont \u00e9t\u00e9 impact\u00e9s, sous une forme ou une autre, par le COVID-19,essentiellement par l\u2019augmentation des prix des produits alimentaires et par la perte d\u2019emploi.Ainsi, par exemple, plus d\u2019un tiers des r\u00e9pondants ont d\u00e9clar\u00e9 avoir appr\u00e9hend\u00e9de manquer de nourriture pour des raisons financi\u00e8res durant le mois pr\u00e9c\u00e9dant l\u2019interview. Une crainte plus marqu\u00e9e en milieu rural et pour les m\u00e9nages ayant la d\u00e9lin\u00e9ation des milieux urbain et rural est bas\u00e9e sur le d\u00e9coupage communal\/non communal tir\u00e9 du Recensement G\u00e9n\u00e9ral de la Population et de l\u2019Habitat de 2014.<\/p>\n<p><span class=\"c2\"><span class=\"c3\"><strong>Modification des habitudes alimentaires<\/strong><\/span><\/span><\/p>\n<p>Ces craintes se sont traduites chez une partie de la population par une modification des habitudes alimentaires en r\u00e9duisant les quantit\u00e9s consomm\u00e9es ou en consommant des aliments peu appr\u00e9ci\u00e9s en temps normal. Pour faire face \u00e0 l\u2019augmentation des prix des produits alimentaires ou pour pallier la perte de leur emploi, les m\u00e9nages interrog\u00e9s ont puis\u00e9 dans leurs \u00e9conomies(plus de 25%),re\u00e7u de l\u2019aide ou emprunt\u00e9 de l\u2019argent \u00e0 des proches (plus de 25%), eu recours \u00e0 un paiement diff\u00e9r\u00e9 de leurs obligations(environ 15%);tandis que certains ont modifi\u00e9 leurs habitudes de consommation alimentaires et non alimentaires. Sur le plan professionnel, l\u2019activit\u00e9 \u00e9conomique a \u00e9t\u00e9 fortement r\u00e9duite pour la grande majorit\u00e9 des travailleurs, et une baisse des revenus a \u00e9t\u00e9 observ\u00e9e.<\/p>\n<p>Ainsi, seulement un tiers des personnes interrog\u00e9es d\u00e9clarant exercer une activit\u00e9 professionnelle avant le confinement ont pu poursuivre leur travail. Parmi ceux qui \u00e9taient en arr\u00eat d\u2019activit\u00e9, chez les salari\u00e9s, seuls 40% ont per\u00e7u tout ou une partie de leur salaire. Les unit\u00e9s de production familiales ont \u00e9galement \u00e9t\u00e9 fortement impact\u00e9es par la crise. Le format de l\u2019enqu\u00eate est pr\u00e9vu pour int\u00e9grer graduellement les principaux th\u00e8mes de pr\u00e9occupation des m\u00e9nages au fur et \u00e0 mesure de la progression vers le d\u00e9confinement de l\u2019activit\u00e9. Ainsi la deuxi\u00e8me vague, dont les r\u00e9sultats seront prochainement publi\u00e9s, a incorpor\u00e9 les th\u00e9matiques de l\u2019\u00e9ducation et de la sant\u00e9 mentale ainsi que la r\u00e9silience financi\u00e8re des m\u00e9nages.<\/p>\n<p><a href=\"\/uploads\/FCK_files\/note_synth%C3%A8se_covid19_final_0(1).pdf\" target=\"_blank\" rel=\"noopener noreferrer\"><strong>T\u00e9l\u00e9charger enqu\u00eate<\/strong><\/a><br \/>\u00a0<\/p>\n<p>Auteur:<br \/>\n<a href=\"https:\/\/www.leaders.com.tn\/article\/30014-quel-impact-socio-economique-du-covid-19-sur-les-menages-tunisiens\">Cliquez ici pour lire l&rsquo;article depuis sa source.<\/a><\/p>\n","protected":false},"excerpt":{"rendered":"<p>En collaboration avec la Banque Mondiale, l&rsquo;Institut National de la Statistique\u00a0 a men\u00e9 cette enqu\u00eate administr\u00e9e par t\u00e9l\u00e9phone aupr\u00e8s d\u2019un panel de 1369 m\u00e9nages repr\u00e9sentatif de la population tunisienne. Le nombre de r\u00e9pondants \u00e0 la premi\u00e8re vague de l\u2019enqu\u00eate, men\u00e9e du 29 avril au 8 mai 2020, \u00e9tait de 1030 m\u00e9nages, soit un taux de [&hellip;]<\/p>\n","protected":false},"author":1772,"featured_media":0,"comment_status":"closed","ping_status":"closed","sticky":false,"template":"","format":"standard","meta":{"fifu_image_url":"","fifu_image_alt":"","footnotes":""},"categories":[73,55],"tags":[],"class_list":["post-87141","post","type-post","status-publish","format-standard","hentry","category-actualite","category-tunisie"],"_links":{"self":[{"href":"https:\/\/linitiative.ca\/International\/wp-json\/wp\/v2\/posts\/87141","targetHints":{"allow":["GET"]}}],"collection":[{"href":"https:\/\/linitiative.ca\/International\/wp-json\/wp\/v2\/posts"}],"about":[{"href":"https:\/\/linitiative.ca\/International\/wp-json\/wp\/v2\/types\/post"}],"author":[{"embeddable":true,"href":"https:\/\/linitiative.ca\/International\/wp-json\/wp\/v2\/users\/1772"}],"replies":[{"embeddable":true,"href":"https:\/\/linitiative.ca\/International\/wp-json\/wp\/v2\/comments?post=87141"}],"version-history":[{"count":0,"href":"https:\/\/linitiative.ca\/International\/wp-json\/wp\/v2\/posts\/87141\/revisions"}],"wp:attachment":[{"href":"https:\/\/linitiative.ca\/International\/wp-json\/wp\/v2\/media?parent=87141"}],"wp:term":[{"taxonomy":"category","embeddable":true,"href":"https:\/\/linitiative.ca\/International\/wp-json\/wp\/v2\/categories?post=87141"},{"taxonomy":"post_tag","embeddable":true,"href":"https:\/\/linitiative.ca\/International\/wp-json\/wp\/v2\/tags?post=87141"}],"curies":[{"name":"wp","href":"https:\/\/api.w.org\/{rel}","templated":true}]}}