{"id":87142,"date":"2020-05-29T11:18:05","date_gmt":"2020-05-29T15:18:05","guid":{"rendered":"https:\/\/linitiative.ca\/International\/maroc-disparition-de-abderrahmane-youssoufi-figure-de-proue-de-la-gauche-socialiste\/"},"modified":"2020-05-29T11:18:05","modified_gmt":"2020-05-29T15:18:05","slug":"maroc-disparition-de-abderrahmane-youssoufi-figure-de-proue-de-la-gauche-socialiste","status":"publish","type":"post","link":"https:\/\/linitiative.ca\/International\/maroc-disparition-de-abderrahmane-youssoufi-figure-de-proue-de-la-gauche-socialiste\/","title":{"rendered":"Maroc : Disparition de Abderrahmane Youssoufi, figure de proue de la gauche socialiste"},"content":{"rendered":"<div readability=\"32\">\n<p>Publi\u00e9 le 29.05.2020 \u00e0 16h18 par APA News<\/p>\n<\/div>\n<div readability=\"101\">\n<p>L\u2019ancien Premier ministre marocain et figure de proue de la gauche socialiste, Abderrahmane El Youssoufi, est d\u00e9c\u00e9d\u00e9 dans la nuit de jeudi \u00e0 vendredi \u00e0 Casablanca, \u00e0 l\u2019\u00e2ge de 96 ans.Natif de Tanger le 8 mars 1924, feu Abderrahmane El Youssoufi avait rejoint tr\u00e8s jeune les rangs du mouvement national alors qu\u2019il \u00e9tait encore lyc\u00e9en \u00e0 Rabat.<\/p>\n<p>Il fut membre du Secr\u00e9tariat g\u00e9n\u00e9ral de l\u2019Union nationale des forces populaires (UNFP), qui va devenir en 1975 l\u2019Union socialiste des forces populaires (USFP), et r\u00e9dacteur en chef de son organe \u00ab Attahrir \u00bb entre 1959 et 1965.<\/p>\n<p>Son militantisme lui a valu de nombreuses arrestations et des condamnations sous le r\u00e8gne de feu Hassan II. Il a \u00e9t\u00e9 arr\u00eat\u00e9 deux fois en 1960 et 1963, date durant laquelle il a \u00e9t\u00e9 condamn\u00e9 par contumace avec l\u2019ensemble des membres de la commission administrative de l\u2019UNFP \u00e0 deux ans de prison avec sursis pour complot contre le r\u00e9gime.<\/p>\n<p>Apr\u00e8s l\u2019assassinat en France du leader socialiste Ben Barka en 1965, il se rend \u00e0 Paris pour participer \u00e0 l\u2019organisation du proc\u00e8s. Il entame alors quinze ans d\u2019exil en France. Durant cette p\u00e9riode, il est poursuivi par contumace lors du grand proc\u00e8s de Marrakech, qui s\u2019est d\u00e9roul\u00e9 entre 1969 et 1975, pour complot. Le procureur requiert contre lui la peine de mort.<\/p>\n<p>Abderrahmane Youssoufi devint ainsi l\u2019unique opposant dans le monde arabe \u00e0 prendre la t\u00eate d\u2019un gouvernement dit d\u2019alternance.<\/p>\n<p>A la faveur d\u2019une gr\u00e2ce royale, il avait regagn\u00e9 sa patrie en 1980 et prend la t\u00eate de l\u2019USFP, apr\u00e8s le d\u00e9c\u00e8s du leader socialiste Abderrahim Bouabid. Au d\u00e9but des ann\u00e9es 1980, il repart en exil volontaire en France, mais pour rentrer quelques ann\u00e9es plus tard et reprendre son poste de Premier secr\u00e9taire de l\u2019USFP.<\/p>\n<p>Le 4 f\u00e9vrier 1998, Feu SM le Roi Hassan II l\u2019avait charg\u00e9 de former le gouvernement d\u2019alternance qu\u2019il pr\u00e9sentera au Souverain le 14 mars de la m\u00eame ann\u00e9e.<\/p>\n<p>Apr\u00e8s la mort de feu SM le Roi Hassan II, SM le Roi Mohammed VI le maintient \u00e0 la t\u00eate du gouvernement en lui rendant un hommage remarquable.<\/p>\n<p>Il a \u00e9t\u00e9 reconduit dans ses fonctions de Premier ministre dans le gouvernement form\u00e9 le 6 septembre 2000 et y restera jusqu\u2019au 9 octobre 2002. Le gouvernement d\u2019alternance qu\u2019il a conduit \u00e0 une \u00e9tape charni\u00e8re de l\u2019histoire du pays, restera dans les annales comme \u00e9tant un gouvernement qui a lanc\u00e9 de nombreux projets et initiatives politiques et \u00e9conomiques, destin\u00e9s \u00e0 r\u00e9concilier le grand public avec la politique.<\/p>\n<p>Il \u00e9tait un homme politique d\u2019une classe particuli\u00e8re. Car rares sont les hommes politiques ayant gard\u00e9 le respect et l\u2019admiration de toute la nation et des hauts lieux m\u00eame apr\u00e8s la retraite. Ainsi et en 2016, le Roi Mohammed VI avait inaugur\u00e9 \u00e0 Tanger une avenue portant le nom du d\u00e9funt, en hommage \u00e0 son patriotisme.<\/p>\n<p>Certes, feu Youssoufi a marqu\u00e9 l\u2019histoire politique marocaine gr\u00e2ce \u00e0 son abn\u00e9gation et son amour pour son pays. Le gouvernement d\u2019alternance qu\u2019il a conduit en tant que Premier ministre socialiste a contribu\u00e9 \u00e0 l\u2019\u00e9dification d\u2019un Maroc moderne, d\u00e9mocratique ouvert et respectueux des droits de l\u2019Homme.<\/p>\n<\/div>\n<p>Auteur: APA News<br \/>\n<a href=\"https:\/\/www.journalducameroun.com\/maroc-disparition-de-abderrahmane-youssoufi-figure-de-proue-de-la-gauche-socialiste\/\">Cliquez ici pour lire l&rsquo;article depuis sa source.<\/a><\/p>\n","protected":false},"excerpt":{"rendered":"<p>Publi\u00e9 le 29.05.2020 \u00e0 16h18 par APA News L\u2019ancien Premier ministre marocain et figure de proue de la gauche socialiste, Abderrahmane El Youssoufi, est d\u00e9c\u00e9d\u00e9 dans la nuit de jeudi \u00e0 vendredi \u00e0 Casablanca, \u00e0 l\u2019\u00e2ge de 96 ans.Natif de Tanger le 8 mars 1924, feu Abderrahmane El Youssoufi avait rejoint tr\u00e8s jeune les rangs [&hellip;]<\/p>\n","protected":false},"author":1965,"featured_media":0,"comment_status":"closed","ping_status":"closed","sticky":false,"template":"","format":"standard","meta":{"fifu_image_url":"","fifu_image_alt":"","footnotes":""},"categories":[73,82],"tags":[],"class_list":["post-87142","post","type-post","status-publish","format-standard","hentry","category-actualite","category-cameroun"],"_links":{"self":[{"href":"https:\/\/linitiative.ca\/International\/wp-json\/wp\/v2\/posts\/87142","targetHints":{"allow":["GET"]}}],"collection":[{"href":"https:\/\/linitiative.ca\/International\/wp-json\/wp\/v2\/posts"}],"about":[{"href":"https:\/\/linitiative.ca\/International\/wp-json\/wp\/v2\/types\/post"}],"author":[{"embeddable":true,"href":"https:\/\/linitiative.ca\/International\/wp-json\/wp\/v2\/users\/1965"}],"replies":[{"embeddable":true,"href":"https:\/\/linitiative.ca\/International\/wp-json\/wp\/v2\/comments?post=87142"}],"version-history":[{"count":0,"href":"https:\/\/linitiative.ca\/International\/wp-json\/wp\/v2\/posts\/87142\/revisions"}],"wp:attachment":[{"href":"https:\/\/linitiative.ca\/International\/wp-json\/wp\/v2\/media?parent=87142"}],"wp:term":[{"taxonomy":"category","embeddable":true,"href":"https:\/\/linitiative.ca\/International\/wp-json\/wp\/v2\/categories?post=87142"},{"taxonomy":"post_tag","embeddable":true,"href":"https:\/\/linitiative.ca\/International\/wp-json\/wp\/v2\/tags?post=87142"}],"curies":[{"name":"wp","href":"https:\/\/api.w.org\/{rel}","templated":true}]}}