{"id":87144,"date":"2020-05-29T09:15:59","date_gmt":"2020-05-29T13:15:59","guid":{"rendered":"https:\/\/linitiative.ca\/International\/hector-ouedraogo-de-lunapes-b-a-propos-de-la-greve-annoncee-dans-le-superieur\/"},"modified":"2020-05-29T09:15:59","modified_gmt":"2020-05-29T13:15:59","slug":"hector-ouedraogo-de-lunapes-b-a-propos-de-la-greve-annoncee-dans-le-superieur","status":"publish","type":"post","link":"https:\/\/linitiative.ca\/International\/hector-ouedraogo-de-lunapes-b-a-propos-de-la-greve-annoncee-dans-le-superieur\/","title":{"rendered":"HECTOR OUEDRAOGO DE L\u2019UNAPES-B A PROPOS DE LA GREVE ANNONCEE DANS LE SUPERIEUR  \u00a0"},"content":{"rendered":"<div class=\"stream-item stream-item-above-post-content\">\n<p><noscript><\/p>\n<p><a href=\"\/\/www3.smartadserver.com\/ac?jump=1&amp;nwid=2136&amp;siteid=240610&amp;pgname=rg&amp;fmtid=49046&amp;visit=m&amp;tmstp=[timestamp]&amp;out=nonrich\" target=\"_blank\" rel=\"noopener noreferrer\"><img decoding=\"async\" src=\"http:\/\/www3.smartadserver.com\/ac?out=nonrich&amp;nwid=2136&amp;siteid=240610&amp;pgname=rg&amp;fmtid=49046&amp;visit=m&amp;tmstp=[timestamp]\" border=\"0\" alt=\"\"\/><\/a><\/p>\n<p><\/noscript><\/div>\n<p class=\"c3\"><em><strong>\u00a0Le Premier ministre Christophe Joseph Marie Dabir\u00e9 a \u00e9chang\u00e9 successivement, dans la matin\u00e9e du 28 mai 2020, avec l\u2019Union nationale des associations des parents d\u2019\u00e9l\u00e8ves du post-primaire, secondaire et sup\u00e9rieur du Burkina (UNAPES-B), et le Haut conseil du dialogue social (HCDS) \u00e0 la Primature. Si les premiers visiteurs ont \u00e9chang\u00e9 avec le chef du gouvernement sur leurs pr\u00e9occupations \u00a0\u00e0 l\u2019\u00e9preuve du Covid-19, les seconds, quant \u00e0 eux, ont \u00a0\u00e9voqu\u00e9\u00a0 leur intention de formuler une r\u00e9ponse collective du monde du travail \u00e0 la lutte contre la pand\u00e9mie.<\/strong><\/em><\/p>\n<p class=\"c3\"><em>\u00a0<\/em><em>La situation nationale qui est marqu\u00e9e par le Covid-19 a eu des cons\u00e9quences dommageables sur le calendrier scolaire et dans le monde du travail burkinab\u00e8. C\u2019est pour \u00e9changer en vue de sauver ce qui peut encore l\u2019\u00eatre, que l\u2019Union nationale des associations des parents d\u2019\u00e9l\u00e8ves du post-primaire, secondaire et sup\u00e9rieur du Burkina (UNAPES-B) et le Haut conseil du dialogue social (HCDS) ont successivement \u00e9t\u00e9 re\u00e7us par Christophe Joseph Marie Dabir\u00e9, Premier ministre. Pour les premiers \u00e0 \u00eatre re\u00e7us, \u00e0 savoir l\u2019UNAPES-B, il a \u00e9t\u00e9 question, selon cette Union, d\u2019\u00e9changer avec le chef du gouvernement, sur leurs pr\u00e9occupations dans ce contexte de Covid-19 qui a engendr\u00e9 des cons\u00e9quences sur le calendrier scolaire.\u00a0\u00ab\u00a0Nous avons voulu prendre langue avec le chef du gouvernement pour \u00e9changer sur la rentr\u00e9e prochaine et la r\u00e9ouverture des classes qui est annonc\u00e9e. Il a eu une oreille attentive des pr\u00e9occupations que nous lui avons exprim\u00e9es. Et il s\u2019est personnellement engag\u00e9 pour \u00e9changer avec ses collaborateurs afin qu\u2019ensemble, nous puissions \u00a0atteindre les objectifs que nous poursuivons, qui sont une \u00e9ducation de qualit\u00e9 et rayonnante\u00a0\u00bb, a expliqu\u00e9 Hector Ou\u00e9draogo, pr\u00e9sident de l\u2019UNAPES-B. Pour sauver l\u2019ann\u00e9e scolaire en cours, le gouvernement, \u00e0 l\u2019issue du conseil des ministres du mercredi 27 mai dernier, a pris la d\u00e9cision de valider l\u2019ann\u00e9e scolaire 2019-2020 pour les classes interm\u00e9diaires, en attendant les r\u00e9sultats des classes d\u2019examens. Pour l\u2019Union des parents d\u2019\u00e9l\u00e8ves, cela fait partie des pr\u00e9rogatives du gouvernement.\u00a0\u00ab\u00a0Nous n\u2019avons pas de commentaire particulier \u00e0 faire. Puisqu\u2019il y a eu plusieurs propositions qui avaient \u00e9t\u00e9 fa\u00eetes. Mais le gouvernement a le dernier mot. Notre fa\u00eeti\u00e8re, hier comme aujourd\u2019hui, accompagnera le gouvernement dans les d\u00e9cisions prises pour l\u2019atteinte des objectifs, bien entendu dans l\u2019optique que ces d\u00e9cisions ne soient pas pr\u00e9judiciables aux \u00e9l\u00e8ves, \u00e0 nos enfants\u00a0\u00bb, a fait savoir le pr\u00e9sident de l\u2019UNAPES-B. Et d\u2019ajouter\u00a0:\u00a0\u00ab\u00a0Notre r\u00f4le, c\u2019est d\u2019accompagner le gouvernement pour la r\u00e9ouverture des classes afin d\u2019\u00e9viter que des g\u00e9n\u00e9rations futures ne soient sacrifi\u00e9es\u00a0\u00bb. Autre fait qui a fait r\u00e9agir cette Union, c\u2019est l\u2019annonce d\u2019une gr\u00e8ve de 96 heures au Sup\u00e9rieur. Pour Hector Ou\u00e9draogo et ses camarades, il faut que le gouvernement et les partenaires sociaux puissent privil\u00e9gier le dialogue et la communication.\u00a0\u00ab\u00a0Il ne faut pas encore ouvrir une autre br\u00e8che pr\u00e9judiciable \u00e0 notre syst\u00e8me \u00e9ducatif, \u00e0 notre pays tout entier\u00a0\u00bb, a souhait\u00e9 Hector Ou\u00e9draogo.<\/em><\/p>\n<p class=\"c3\"><em>\u00a0<\/em><\/p>\n<p class=\"c3\"><strong><em>\u00ab\u00a0Il faut faire preuve de solidarit\u00e9\u00a0\u00bb<\/em><\/strong><\/p>\n<p class=\"c3\"><em>\u00a0<\/em><\/p>\n<p class=\"c3\"><em>Autre secteur, autre d\u00e9fi. Et ce n\u2019est pas ce qui manque en ce temps de Covid-19. En effet, apr\u00e8s l\u2019UNAPES-B, le Premier ministre a re\u00e7u en cette m\u00eame matin\u00e9e du 28 mai 2020, une d\u00e9l\u00e9gation du Haut conseil du dialogue social (HCDS), conduite par son premier responsable, Domba Jean Marc Palm. Certes, ils sont aussi des parents d\u2019\u00e9l\u00e8ves mais ils ont plut\u00f4t \u00e9chang\u00e9 avec Christophe Joseph Marie Dabir\u00e9, sur les cons\u00e9quences de cette pand\u00e9mie dans le domaine du travail. \u00ab\u00a0En tant qu\u2019une structure qui a trois composantes que sont le gouvernement, les travailleurs et le patronat, nous avons entrepris une s\u00e9rie de rencontres avec ces composantes-l\u00e0, en vue de proposer une riposte commune aux cons\u00e9quences de cette maladie. Apr\u00e8s des concertations qui seront engag\u00e9es avec celles-ci, nous allons leur proposer des solutions pour une riposte commune \u00e0 la pand\u00e9mie. Il faut faire preuve de solidarit\u00e9 et cette solidarit\u00e9 doit \u00eatre faite de fa\u00e7on concr\u00e8te\u00a0\u00bb, a indiqu\u00e9 Domba Jean Marc Palm, pr\u00e9sident du HCDS.<\/em><\/p>\n<p class=\"c3\"><em>\u00a0<\/em><\/p>\n<p class=\"c3\"><strong><em>Boureima KINDO<\/em><\/strong><\/p>\n<p class=\"c3\"><em>\u00a0<\/em><\/p>\n<p><strong><em>\u00a0<\/em><\/strong><\/p>\n<p>Auteur: Le Pays<br \/>\n<a href=\"http:\/\/lepays.bf\/hector-ouedraogo-de-lunapes-b-a-propos-de-la-greve-annoncee-dans-le-superieur\/\">Cliquez ici pour lire l&rsquo;article depuis sa source.<\/a><\/p>\n","protected":false},"excerpt":{"rendered":"<p>\u00a0Le Premier ministre Christophe Joseph Marie Dabir\u00e9 a \u00e9chang\u00e9 successivement, dans la matin\u00e9e du 28 mai 2020, avec l\u2019Union nationale des associations des parents d\u2019\u00e9l\u00e8ves du post-primaire, secondaire et sup\u00e9rieur du Burkina (UNAPES-B), et le Haut conseil du dialogue social (HCDS) \u00e0 la Primature. Si les premiers visiteurs ont \u00e9chang\u00e9 avec le chef du gouvernement [&hellip;]<\/p>\n","protected":false},"author":1813,"featured_media":0,"comment_status":"closed","ping_status":"closed","sticky":false,"template":"","format":"standard","meta":{"fifu_image_url":"","fifu_image_alt":"","footnotes":""},"categories":[73,81],"tags":[],"class_list":["post-87144","post","type-post","status-publish","format-standard","hentry","category-actualite","category-burkina-faso"],"_links":{"self":[{"href":"https:\/\/linitiative.ca\/International\/wp-json\/wp\/v2\/posts\/87144","targetHints":{"allow":["GET"]}}],"collection":[{"href":"https:\/\/linitiative.ca\/International\/wp-json\/wp\/v2\/posts"}],"about":[{"href":"https:\/\/linitiative.ca\/International\/wp-json\/wp\/v2\/types\/post"}],"author":[{"embeddable":true,"href":"https:\/\/linitiative.ca\/International\/wp-json\/wp\/v2\/users\/1813"}],"replies":[{"embeddable":true,"href":"https:\/\/linitiative.ca\/International\/wp-json\/wp\/v2\/comments?post=87144"}],"version-history":[{"count":0,"href":"https:\/\/linitiative.ca\/International\/wp-json\/wp\/v2\/posts\/87144\/revisions"}],"wp:attachment":[{"href":"https:\/\/linitiative.ca\/International\/wp-json\/wp\/v2\/media?parent=87144"}],"wp:term":[{"taxonomy":"category","embeddable":true,"href":"https:\/\/linitiative.ca\/International\/wp-json\/wp\/v2\/categories?post=87144"},{"taxonomy":"post_tag","embeddable":true,"href":"https:\/\/linitiative.ca\/International\/wp-json\/wp\/v2\/tags?post=87144"}],"curies":[{"name":"wp","href":"https:\/\/api.w.org\/{rel}","templated":true}]}}