{"id":87145,"date":"2020-05-29T11:59:30","date_gmt":"2020-05-29T15:59:30","guid":{"rendered":"https:\/\/linitiative.ca\/International\/coronavirus-lue-versera-3-milliards-de-dh-pour-le-maroc-avant-la-fin-de-lannee\/"},"modified":"2020-05-29T11:59:30","modified_gmt":"2020-05-29T15:59:30","slug":"coronavirus-lue-versera-3-milliards-de-dh-pour-le-maroc-avant-la-fin-de-lannee","status":"publish","type":"post","link":"https:\/\/linitiative.ca\/International\/coronavirus-lue-versera-3-milliards-de-dh-pour-le-maroc-avant-la-fin-de-lannee\/","title":{"rendered":"Coronavirus: L\u2019UE versera 3 milliards de DH pour le Maroc avant la fin de l\u2019ann\u00e9e"},"content":{"rendered":"<p><strong>Des versements de l\u2019Union europ\u00e9enne de plus de 1,7 milliard de dirhams sont intervenus, au 26 mai, en appui \u00e0 la lutte contre la pand\u00e9mie du Covid-19 au Maroc, indique-t-on vendredi dans un communiqu\u00e9 conjoint du minist\u00e8re de l\u2019Economie, des Finances et de la R\u00e9forme de l\u2019Administration, et la D\u00e9l\u00e9gation de l\u2019UE \u00e0 Rabat.<\/strong><\/p>\n<div class=\"c10\"\/>\n<p>\u00ab\u00a0Le ministre de l\u2019Economie, des Finances et de la R\u00e9forme de l\u2019administration, Mohamed Bencha\u00e2boun, et l\u2019ambassadrice de l\u2019UE Claudia Wiedey se sont f\u00e9licit\u00e9s des versements de l\u2019Union europ\u00e9enne intervenus au 26 mai, au b\u00e9n\u00e9fice du budget du Maroc, totalisant un montant de plus de 1,7 milliard de dirhams (157 millions d\u2019euros), en appui \u00e0 la lutte contre le COVID-19\u00a0\u00bb, lit-on dans le communiqu\u00e9. Ces versements ont \u00e9t\u00e9 effectu\u00e9s dans le cadre de programmes d\u2019appui de l\u2019Union europ\u00e9enne notamment \u00e0 la sant\u00e9, \u00e0 la protection sociale, \u00e0 la formation et l\u2019enseignement, et \u00e0 la comp\u00e9titivit\u00e9 des entreprises et la croissance verte, ajoute le communiqu\u00e9, notant que ces subventions r\u00e9pondent aux efforts incessants men\u00e9s par l\u2019Etat marocain depuis les premiers jours de la pand\u00e9mie notamment \u00e0 travers le Fonds national de solidarit\u00e9 Covid-19.<\/p>\n<p>L\u2019appui de l\u2019UE vient soutenir l\u2019approche proactive poursuivie par le Royaume du Maroc, suite aux Hautes Orientations de SM le Roi Mohammed VI, dans la gestion de cette crise, et les mesures entreprises pour en att\u00e9nuer les cons\u00e9quences sanitaires, sociales et \u00e9conomiques, rel\u00e8ve la m\u00eame source.<\/p>\n<p><strong>Lire aussi |<\/strong> <a rel=\"noreferrer noopener\" aria-label=\"Ce que vous devez savoir sur le coronavirus (s&#x2019;ouvre dans un nouvel onglet)\" href=\"https:\/\/www.challenge.ma\/ce-que-vous-devez-savoir-sur-le-coronavirus-134568\/\" target=\"_blank\"><strong>Ce que vous devez savoir sur le coronavirus<\/strong><\/a><\/p>\n<p>\u00ab\u00a0Le Maroc appr\u00e9cie l\u2019esprit de solidarit\u00e9 dont a fait preuve l\u2019Union europ\u00e9enne vis-\u00e0-vis de son partenaire de longue date en cette p\u00e9riode de crise\u00a0\u00bb, poursuit le communiqu\u00e9, notant que le Royaume et l\u2019Union europ\u00e9enne ont r\u00e9ussi ensemble \u00e0 mettre en \u0153uvre les engagements pris en mars 2020, dans des d\u00e9lais extr\u00eamement courts, gr\u00e2ce \u00e0 la mobilisation continue de leurs \u00e9quipes \u00e0 Rabat et \u00e0 Bruxelles.<\/p>\n<p>Et de noyer que d\u2019autres versements interviendront d\u2019ici la fin de l\u2019ann\u00e9e 2020 d\u2019un montant de plus de 3 milliards de dirhams (300 millions d\u2019euros) et participeront \u00e0 l\u2019att\u00e9nuation des cons\u00e9quences \u00e9conomiques et sociales de la crise sanitaire, notamment \u00e0 travers un programme sp\u00e9cifique d\u2019\u00a0\u00bbAppui europ\u00e9en \u00e0 la r\u00e9ponse \u00e0 la crise COVID-19\u2033 et une troisi\u00e8me phase du programme en appui \u00e0 la Sant\u00e9.<\/p>\n<p>Au-del\u00e0 du contexte actuel in\u00e9dit d\u00fb au Covid-19, l\u2019Union europ\u00e9enne et le Maroc confirment leur volont\u00e9 de renforcer davantage leur partenariat bas\u00e9 sur les principes partag\u00e9s de solidarit\u00e9, de respect mutuel, de co-appropriation et co-responsabilit\u00e9, et de transparence, conclut le communiqu\u00e9.<\/p>\n<p>Avec MAP.<\/p>\n<div class=\"c17\">\n<fieldset class=\"c16\">\n<legend><strong><span class=\"c11\">Challenge<\/span><span class=\"c12\">news<\/span><\/strong><\/legend>\n<div class=\"c15\">Le meilleur de Challenge s\u00e9lectionn\u00e9 par la r\u00e9daction :<\/p>\n<\/div>\n<\/fieldset>\n<\/div>\n<p>Auteur: Hajar DARI<br \/>\n<a href=\"https:\/\/www.challenge.ma\/coronavirus-lue-versera-3-milliards-de-dh-pour-le-maroc-avant-la-fin-de-lannee-142252\/\">Cliquez ici pour lire l&rsquo;article depuis sa source.<\/a><\/p>\n","protected":false},"excerpt":{"rendered":"<p>Des versements de l\u2019Union europ\u00e9enne de plus de 1,7 milliard de dirhams sont intervenus, au 26 mai, en appui \u00e0 la lutte contre la pand\u00e9mie du Covid-19 au Maroc, indique-t-on vendredi dans un communiqu\u00e9 conjoint du minist\u00e8re de l\u2019Economie, des Finances et de la R\u00e9forme de l\u2019Administration, et la D\u00e9l\u00e9gation de l\u2019UE \u00e0 Rabat. \u00ab\u00a0Le [&hellip;]<\/p>\n","protected":false},"author":1787,"featured_media":0,"comment_status":"closed","ping_status":"closed","sticky":false,"template":"","format":"standard","meta":{"fifu_image_url":"","fifu_image_alt":"","footnotes":""},"categories":[78,54],"tags":[],"class_list":["post-87145","post","type-post","status-publish","format-standard","hentry","category-economie","category-maroc"],"_links":{"self":[{"href":"https:\/\/linitiative.ca\/International\/wp-json\/wp\/v2\/posts\/87145","targetHints":{"allow":["GET"]}}],"collection":[{"href":"https:\/\/linitiative.ca\/International\/wp-json\/wp\/v2\/posts"}],"about":[{"href":"https:\/\/linitiative.ca\/International\/wp-json\/wp\/v2\/types\/post"}],"author":[{"embeddable":true,"href":"https:\/\/linitiative.ca\/International\/wp-json\/wp\/v2\/users\/1787"}],"replies":[{"embeddable":true,"href":"https:\/\/linitiative.ca\/International\/wp-json\/wp\/v2\/comments?post=87145"}],"version-history":[{"count":0,"href":"https:\/\/linitiative.ca\/International\/wp-json\/wp\/v2\/posts\/87145\/revisions"}],"wp:attachment":[{"href":"https:\/\/linitiative.ca\/International\/wp-json\/wp\/v2\/media?parent=87145"}],"wp:term":[{"taxonomy":"category","embeddable":true,"href":"https:\/\/linitiative.ca\/International\/wp-json\/wp\/v2\/categories?post=87145"},{"taxonomy":"post_tag","embeddable":true,"href":"https:\/\/linitiative.ca\/International\/wp-json\/wp\/v2\/tags?post=87145"}],"curies":[{"name":"wp","href":"https:\/\/api.w.org\/{rel}","templated":true}]}}