{"id":87147,"date":"2020-05-29T12:06:12","date_gmt":"2020-05-29T16:06:12","guid":{"rendered":"https:\/\/linitiative.ca\/International\/libye-30-migrants-clandestins-tues-par-une-famille-pour-venger-la-mort-de-son-fils-un-passeur\/"},"modified":"2020-05-29T12:06:12","modified_gmt":"2020-05-29T16:06:12","slug":"libye-30-migrants-clandestins-tues-par-une-famille-pour-venger-la-mort-de-son-fils-un-passeur","status":"publish","type":"post","link":"https:\/\/linitiative.ca\/International\/libye-30-migrants-clandestins-tues-par-une-famille-pour-venger-la-mort-de-son-fils-un-passeur\/","title":{"rendered":"Libye: 30 migrants clandestins tu\u00e9s par une famille pour venger la mort de son fils, un passeur"},"content":{"rendered":"<div class=\"post-cont-in left relative\">\n<p>Au total 30 migrants clandestins ont \u00e9t\u00e9 tu\u00e9s et 11 bless\u00e9s par une famille d\u2019un passeur libyen tu\u00e9 dans des circonstances encore non \u00e9claircies par des migrants, lors d\u2019une op\u00e9ration de trafic d\u2019\u00eatres humains dans la ville de Mezda, au sud de Tripoli.<\/p>\n<div class=\"code-block code-block-1 c3\"><ins class=\"adsbygoogle c2\" data-ad-layout=\"in-article\" data-ad-format=\"fluid\" data-ad-client=\"ca-pub-2102118777505746\" data-ad-slot=\"7301775417\"\/> <\/div>\n<p>La famille de la victime \u00e2g\u00e9e de 30 ans ont, en repr\u00e9sailles \u00e0 sa mort, tu\u00e9 jeudi 26 citoyens du Bangladesh et 4 Africains, et bless\u00e9 11 autres, selon un communiqu\u00e9 du minist\u00e8re libyen de l\u2019Int\u00e9rieur.<\/p>\n<div class=\"swp_social_panel swp_horizontal_panel swp_flat_fresh swp_default_full_color swp_individual_full_color swp_other_full_color scale-100 scale-\" data-min-width=\"1100\" data-float-color=\"#ffffff\" data-float=\"bottom\" data-float-mobile=\"bottom\" data-transition=\"slide\">\n<div class=\"nc_tweetContainer swp_share_button total_shares total_sharesalt\"><span class=\"swp_count\">1 <span class=\"swp_label\">Partages<\/span><\/span><\/div>\n<\/div>\n<p><strong>Que se passe-t-il en Tunisie?<\/strong><br \/>Nous expliquons sur notre <a href=\"https:\/\/www.youtube.com\/channel\/UCRzypVq0B_yBad5eGrwBx0Q?sub_confirmation=1\" target=\"_blank\" rel=\"noopener noreferrer\">cha\u00eene YouTube<\/a> . <a href=\"https:\/\/www.youtube.com\/channel\/UCRzypVq0B_yBad5eGrwBx0Q?sub_confirmation=1\" target=\"_blank\" rel=\"noopener noreferrer\">Abonnez-vous!<\/a><\/p>\n<div class=\"mvp-org-wrap mvp-org-logo\" itemprop=\"publisher\" itemscope=\"\" itemtype=\"https:\/\/schema.org\/Organization\"><img decoding=\"async\" src=\"https:\/\/www.tunisienumerique.com\/wp-content\/uploads\/2017\/02\/logo_tunisie_numerique.png\"\/><\/div>\n<div class=\"mvp-related-posts left relative\">\n<h4 class=\"post-header\"><span class=\"post-header\">Lire aussi<\/span><\/h4>\n<\/div>\n<div id=\"article-ad\"><ins class=\"adsbygoogle c4\" data-ad-client=\"ca-pub-2102118777505746\" data-ad-slot=\"6513972734\" data-ad-format=\"auto\" data-full-width-responsive=\"true\"\/> <\/div>\n<\/div>\n<div id=\"post-sidebar-wrap\"><ins class=\"adsbygoogle c4\" data-ad-client=\"ca-pub-2102118777505746\" data-ad-slot=\"6168283410\" data-ad-format=\"auto\" data-full-width-responsive=\"true\"\/> <\/div>\n<p>Auteur: Mourad S<br \/>\n<a href=\"https:\/\/www.tunisienumerique.com\/libye-30-migrants-clandestins-tues-par-une-famille-pour-venger-la-mort-de-son-fils-un-passeur\/\">Cliquez ici pour lire l&rsquo;article depuis sa source.<\/a><\/p>\n","protected":false},"excerpt":{"rendered":"<p>Au total 30 migrants clandestins ont \u00e9t\u00e9 tu\u00e9s et 11 bless\u00e9s par une famille d\u2019un passeur libyen tu\u00e9 dans des circonstances encore non \u00e9claircies par des migrants, lors d\u2019une op\u00e9ration de trafic d\u2019\u00eatres humains dans la ville de Mezda, au sud de Tripoli. La famille de la victime \u00e2g\u00e9e de 30 ans ont, en repr\u00e9sailles [&hellip;]<\/p>\n","protected":false},"author":1789,"featured_media":87154,"comment_status":"closed","ping_status":"closed","sticky":false,"template":"","format":"standard","meta":{"fifu_image_url":"","fifu_image_alt":"","footnotes":""},"categories":[73,55],"tags":[],"class_list":["post-87147","post","type-post","status-publish","format-standard","has-post-thumbnail","hentry","category-actualite","category-tunisie"],"_links":{"self":[{"href":"https:\/\/linitiative.ca\/International\/wp-json\/wp\/v2\/posts\/87147","targetHints":{"allow":["GET"]}}],"collection":[{"href":"https:\/\/linitiative.ca\/International\/wp-json\/wp\/v2\/posts"}],"about":[{"href":"https:\/\/linitiative.ca\/International\/wp-json\/wp\/v2\/types\/post"}],"author":[{"embeddable":true,"href":"https:\/\/linitiative.ca\/International\/wp-json\/wp\/v2\/users\/1789"}],"replies":[{"embeddable":true,"href":"https:\/\/linitiative.ca\/International\/wp-json\/wp\/v2\/comments?post=87147"}],"version-history":[{"count":0,"href":"https:\/\/linitiative.ca\/International\/wp-json\/wp\/v2\/posts\/87147\/revisions"}],"wp:featuredmedia":[{"embeddable":true,"href":"https:\/\/linitiative.ca\/International\/wp-json\/"}],"wp:attachment":[{"href":"https:\/\/linitiative.ca\/International\/wp-json\/wp\/v2\/media?parent=87147"}],"wp:term":[{"taxonomy":"category","embeddable":true,"href":"https:\/\/linitiative.ca\/International\/wp-json\/wp\/v2\/categories?post=87147"},{"taxonomy":"post_tag","embeddable":true,"href":"https:\/\/linitiative.ca\/International\/wp-json\/wp\/v2\/tags?post=87147"}],"curies":[{"name":"wp","href":"https:\/\/api.w.org\/{rel}","templated":true}]}}