{"id":87150,"date":"2020-05-29T13:03:19","date_gmt":"2020-05-29T17:03:19","guid":{"rendered":"https:\/\/linitiative.ca\/International\/deces-de-guy-bedos-un-artiste-epris-de-justice-sen-va\/"},"modified":"2020-05-29T13:03:19","modified_gmt":"2020-05-29T17:03:19","slug":"deces-de-guy-bedos-un-artiste-epris-de-justice-sen-va","status":"publish","type":"post","link":"https:\/\/linitiative.ca\/International\/deces-de-guy-bedos-un-artiste-epris-de-justice-sen-va\/","title":{"rendered":"D\u00e9c\u00e8s de Guy Bedos: un artiste \u00e9pris de justice s&rsquo;en va"},"content":{"rendered":"<div readability=\"38\">\n<p><strong>ALGER- Humoriste au verbe mordant, homme de th\u00e9\u00e2tre et de cin\u00e9ma, Guy Bedos, l&rsquo;ami de l&rsquo;Alg\u00e9rie qui a v\u00e9cu dans plusieurs villes du pays, le militant pour les causes nobles et l&rsquo;anticolonialiste s&rsquo;est \u00e9teint jeudi \u00e0 l&rsquo;\u00e2ge de 85 ans.<\/strong><\/p>\n<\/div>\n<div readability=\"86.736842105263\">\n<p>Souvent revenu dans son pays natal, Guy Bedos avait d\u00e9cid\u00e9 de mettre fin \u00e0 sa carri\u00e8re sur sc\u00e8ne en jouant une derni\u00e8re fois \u00e0 Alger son spectacle \u00ab\u00a0Rideau!\u00a0\u00bb en 2013 marquant un retour dans ce pays pour lequel il a toujours pris position dans sa jeunesse contre le colonialisme ou dans les ann\u00e9es 1990 contre les violences terroristes.<\/p>\n<p>Citant son idole, l&rsquo;\u00e9crivain Albert Camus, Guy Bedos \u00e9voque la c\u00e9l\u00e8bre citation de ce dernier, \u00ab\u00a0Entre la justice et ma m\u00e8re je choisis ma m\u00e8re\u00a0\u00bb, et dit dans une interview \u00e0 la t\u00e9l\u00e9vision avoir \u00ab\u00a0pr\u00e9f\u00e9r\u00e9 la justice et \u00eatre entr\u00e9 en r\u00e9sistance \u00e0 la b\u00eatise et \u00e0 l&rsquo;injustice\u00a0\u00bb.<\/p>\n<blockquote readability=\"11\">\n<p><em><strong>Se disant \u00ab\u00a0profond\u00e9ment natif d&rsquo;Alg\u00e9rie\u00a0\u00bb, ce monstre sacr\u00e9 des planches a tourn\u00e9 \u00ab\u00a0Le pass\u00e9 retrouv\u00e9:Guy Bedos en Alg\u00e9rie 1988\u00a0\u00bb avec Mireille Dumas, une occasion pour lui de montrer \u00e0 son enfant \u00ab\u00a0d&rsquo;o\u00f9 il venait (&#8230;) et ce qu&rsquo;il a v\u00e9cu\u00a0\u00bb. Il avait \u00e9galement \u00e9mis le souhait de s&rsquo;installer \u00e0 \u00ab\u00a0Tipasa, pr\u00e8s de son ami Albert Camus\u00a0\u00bb.<\/strong><\/em><\/p>\n<\/blockquote>\n<p>Dans les ann\u00e9es 1990, Guy Bedos se disait \u00ab\u00a0meurtrie dans sa chaire\u00a0\u00bb et \u00ab\u00a0horrifi\u00e9 par la violence islamiste\u00a0\u00bb tout en exprimant son soutien aux femmes et hommes victimes de ces violences ainsi qu&rsquo;aux artistes et journalistes.<\/p>\n<hr\/>\n<h3>Lire aussi:\u00a0<a href=\"http:\/\/www.aps.dz\/culture\/105536-deces-de-l-humoriste-francais-guy-bedos\" target=\"_blank\" rel=\"noopener noreferrer\">D\u00e9c\u00e8s de l&rsquo;humoriste fran\u00e7ais Guy Bedos<\/a><\/h3>\n<hr\/>\n<p>Lors de sa derni\u00e8re sc\u00e8ne \u00e0 Alger en 2013, son tomb\u00e9 de \u00ab\u00a0Rideau!\u00a0\u00bb sur sa carri\u00e8re sur les planches, il avait r\u00e9affirm\u00e9 son amour, rest\u00e9 intact, pour l\u2019Alg\u00e9rie et son peuple en\u00a0 clamant sur sc\u00e8ne \u00ab\u00a0Autant mourir que de laisser faire du mal \u00e0 l\u2019Alg\u00e9rie !\u00a0\u00bb.<\/p>\n<p>N\u00e9 \u00e0 Alger en 1934, Guy Bedos a v\u00e9cu dans la capitale o\u00f9 il a \u00e9t\u00e9 \u00e9l\u00e8ve \u00e0 l&rsquo;actuel lyc\u00e9e de l&rsquo;Emir Abdelkader avant de s&rsquo;installer \u00e0 Constantine, \u00e0 Souk Ahras puis \u00e0 Annaba. Il quitte l&rsquo;Alg\u00e9rie \u00e0 16 ans et vit de la vente de livres avant d&rsquo;apprendre le th\u00e9\u00e2tre classique et signe sa premi\u00e8re mise en sc\u00e8ne \u00e0 17 ans et demi.<\/p>\n<p>En 1965, il d\u00e9bute au music-hall en co-vedette avec Barbara, puis se lance dans une carri\u00e8re d&rsquo;humoriste en formant un duo avec Sophie Daumier. Apr\u00e8s leur s\u00e9paration, il se lance dans une carri\u00e8re solo, tout en s&rsquo;affirmant comme un acteur accompli au cin\u00e9ma et dans des t\u00e9l\u00e9films.<\/p>\n<blockquote readability=\"11\">\n<p><strong><em>En tant qu&rsquo;acteur il compte une filmographie d&rsquo;une trentaine d&rsquo;oeuvres au cin\u00e9ma \u00ab\u00a0Un \u00e9l\u00e9phant \u00e7a trompe \u00e9norm\u00e9ment\u00a0\u00bb (1976), \u00ab\u00a0Nous irons tous au paradis\u00a0\u00bb (1977), \u00ab\u00a0Contre l&rsquo;oubli\u00a0\u00bb (1991), \u00ab\u00a0La jungle\u00a0\u00bb (2006) ou encore \u00ab\u00a0Et si on vivait tous ensemble\u00a0\u00bb (2012). Son r\u00e9pertoire au th\u00e9\u00e2tre est \u00e9galement riche d&rsquo;une vigntaine de spectacles.<\/em><\/strong><\/p>\n<\/blockquote>\n<p>Il aura \u00e9galement \u00e9dit\u00e9 une dizaine de publications dont l&rsquo;autobiographie \u00ab\u00a0Je me souviendrai de tout, journal d&rsquo;un m\u00e9lancolique\u00a0\u00bb (2015) et le recueils d&rsquo;entretiens \u00ab\u00a0J\u2019ai fait un r\u00eave\u00a0\u00bb (2013), un livre qu&rsquo;il est venu pr\u00e9senter au Salon international du livre d&rsquo;Alger.Selon son souhait, Guy Bedos sera enterr\u00e9 en Corse cette \u00eele qu&rsquo;il surnommait \u00ab\u00a0mon Alg\u00e9rie de rechange\u00a0\u00bb et dont il aimait \u00ab\u00a0les odeurs de maquis\u00a0\u00bb.<\/p>\n<\/div>\n<p>Auteur:<br \/>\n<a href=\"http:\/\/www.aps.dz\/culture\/105545-deces-de-guy-bedos-un-artiste-epris-de-justice-s-en-va\">Cliquez ici pour lire l&rsquo;article depuis sa source.<\/a><\/p>\n","protected":false},"excerpt":{"rendered":"<p>ALGER- Humoriste au verbe mordant, homme de th\u00e9\u00e2tre et de cin\u00e9ma, Guy Bedos, l&rsquo;ami de l&rsquo;Alg\u00e9rie qui a v\u00e9cu dans plusieurs villes du pays, le militant pour les causes nobles et l&rsquo;anticolonialiste s&rsquo;est \u00e9teint jeudi \u00e0 l&rsquo;\u00e2ge de 85 ans. Souvent revenu dans son pays natal, Guy Bedos avait d\u00e9cid\u00e9 de mettre fin \u00e0 sa [&hellip;]<\/p>\n","protected":false},"author":1790,"featured_media":0,"comment_status":"closed","ping_status":"closed","sticky":false,"template":"","format":"standard","meta":{"fifu_image_url":"","fifu_image_alt":"","footnotes":""},"categories":[53,79],"tags":[],"class_list":["post-87150","post","type-post","status-publish","format-standard","hentry","category-algerie","category-culture"],"_links":{"self":[{"href":"https:\/\/linitiative.ca\/International\/wp-json\/wp\/v2\/posts\/87150","targetHints":{"allow":["GET"]}}],"collection":[{"href":"https:\/\/linitiative.ca\/International\/wp-json\/wp\/v2\/posts"}],"about":[{"href":"https:\/\/linitiative.ca\/International\/wp-json\/wp\/v2\/types\/post"}],"author":[{"embeddable":true,"href":"https:\/\/linitiative.ca\/International\/wp-json\/wp\/v2\/users\/1790"}],"replies":[{"embeddable":true,"href":"https:\/\/linitiative.ca\/International\/wp-json\/wp\/v2\/comments?post=87150"}],"version-history":[{"count":0,"href":"https:\/\/linitiative.ca\/International\/wp-json\/wp\/v2\/posts\/87150\/revisions"}],"wp:attachment":[{"href":"https:\/\/linitiative.ca\/International\/wp-json\/wp\/v2\/media?parent=87150"}],"wp:term":[{"taxonomy":"category","embeddable":true,"href":"https:\/\/linitiative.ca\/International\/wp-json\/wp\/v2\/categories?post=87150"},{"taxonomy":"post_tag","embeddable":true,"href":"https:\/\/linitiative.ca\/International\/wp-json\/wp\/v2\/tags?post=87150"}],"curies":[{"name":"wp","href":"https:\/\/api.w.org\/{rel}","templated":true}]}}