{"id":87152,"date":"2020-05-29T12:10:52","date_gmt":"2020-05-29T16:10:52","guid":{"rendered":"https:\/\/linitiative.ca\/International\/dr-abdelhafid-natiq-linstitut-national-dhygiene-effectue-plus-de-2-500-tests-de-depistage-par-jour\/"},"modified":"2020-05-29T12:10:52","modified_gmt":"2020-05-29T16:10:52","slug":"dr-abdelhafid-natiq-linstitut-national-dhygiene-effectue-plus-de-2-500-tests-de-depistage-par-jour","status":"publish","type":"post","link":"https:\/\/linitiative.ca\/International\/dr-abdelhafid-natiq-linstitut-national-dhygiene-effectue-plus-de-2-500-tests-de-depistage-par-jour\/","title":{"rendered":"Dr Abdelhafid Natiq : \u00abL\u2019Institut National d\u2019Hygi\u00e8ne effectue plus de    2 500 tests de d\u00e9pistage par jour\u00bb"},"content":{"rendered":"<p><strong>Docteur en m\u00e9decine g\u00e9n\u00e9tique, sp\u00e9cialiste en cytog\u00e9n\u00e9tique classique et cytog\u00e9n\u00e9tique mol\u00e9culaire, Abdelhafid Natiq a fait de sa passion une profession qui lui a toujours donn\u00e9 enti\u00e8re satisfaction. Il nous livre \u00e0 travers cet entretien, son appr\u00e9ciation sur le r\u00f4le majeur que joue dans ce contexte de crise sanitaire, l\u2019Institut National d\u2019Hygi\u00e8ne.<\/strong><\/p>\n<div class=\"c10\"\/>\n<p><strong>Challenge :<\/strong> <strong>\u00c0 l\u2019heure o\u00f9 la progression du virus a tendance \u00e0 s\u2019infl\u00e9chir, que retenez-vous de ces derniers mois \u00e9coul\u00e9s durant lesquels la communaut\u00e9 m\u00e9dicale dans le Royaume a \u00e9t\u00e9 mise fortement \u00e0 contribution ?\u00a0<\/strong><\/p>\n<p><strong>Abdelhafid Natiq :<\/strong> Effectivement, de nombreux m\u00e9decins, techniciens de laboratoire, scientifiques, infirmiers, secouristes ont eu \u00e0 c\u0153ur de mener \u00e0 bien leur mission ; \u00e0 savoir prodiguer les meilleurs soins tout en accompagnant du mieux possible leurs patients, et en bravant les dangers li\u00e9s \u00e0 la contamination. \u00c0 vrai dire, cette communaut\u00e9 scientifique et m\u00e9dicale m\u00e9rite qu\u2019on lui tire un grand coup de chapeau pour son engagement. En esp\u00e9rant cependant que dans les mois \u00e0 venir, nous pourrons reprendre go\u00fbt \u00e0 une vie un peu plus normale, car il faut l\u2019avouer, nous sommes, pour la plupart, sur les rotules.\u00a0<\/p>\n<p><strong>Challenge :<\/strong> <strong>L\u2019Institut National d\u2019Hygi\u00e8ne, dans lequel vous \u0153uvrez au sein du d\u00e9partement de g\u00e9n\u00e9tique m\u00e9dicale, est \u00e9galement au-devant de la sc\u00e8ne depuis le d\u00e9but de l\u2019\u00e9pid\u00e9mie. Quel est \u00e0 ce jour l\u2019\u00e9tat d\u2019esprit de toute l\u2019\u00e9quipe ?<\/strong>\u00a0<\/p>\n<p>L\u2019\u00e9tat d\u2019esprit y est toujours bon, malgr\u00e9 le manque de sommeil. J\u2019en profite pour rendre un hommage appuy\u00e9 \u00e0 l\u2019Institut National d\u2019Hygi\u00e8ne (INH), au staff technique, au staff administratif et \u00e0 toutes les capacit\u00e9s humaines et scientifiques qui composent l\u2019ensemble des laboratoires. Elles ont redoubl\u00e9 d\u2019efforts depuis le commencement de la crise, effectuant un peu plus de 2 500 tests de d\u00e9pistage par jour et se sont toujours engag\u00e9es \u00e0 donner le meilleur d\u2019elles-m\u00eames avec professionnalisme, mais aussi avec fiert\u00e9 pour notre pays. \u00a0<\/p>\n<p><strong>Challenge :<\/strong> <strong>Pr\u00e9cis\u00e9ment, quelles sont les missions exactes de l\u2019INH au cours de cette crise du Covid-19 ?\u00a0<\/strong><\/p>\n<p>L\u2019INH, qui est sous la tutelle du minist\u00e8re de la Sant\u00e9, constitue l\u2019organe de r\u00e9f\u00e9rence en mati\u00e8re de biologie m\u00e9dicale et environnementale. C\u2019est une instance qui \u0153uvre depuis 1930 et qui entend garantir une prise en charge efficace des probl\u00e8mes de biologie m\u00e9dicale classique et sp\u00e9cialis\u00e9e dans le Royaume. Concr\u00e8tement, l\u2019Institut assure l\u2019appui technique et scientifique des diff\u00e9rents programmes de sant\u00e9 publique. Il garantit de nombreuses prestations de services et d\u2019expertise en mati\u00e8re de biologie m\u00e9dicale et de sant\u00e9 environnementale, via le r\u00e9seau national des laboratoires de sant\u00e9 publique. Sans compter qu\u2019il contribue \u00e0 la formation et \u00e0 la r\u00e9alisation d\u2019\u00e9tudes et de travaux de recherches en mati\u00e8re de sant\u00e9, en partenariat avec des organismes nationaux et internationaux. Sachez qu\u2019aujourd\u2019hui, l\u2019INH a mis en place dans le Royaume plus d\u2019une quinzaine de laboratoires sp\u00e9cialis\u00e9s en RT-PCR r\u00e9partis sur le territoire national.\u00a0<\/p>\n<p><strong>Challenge :<\/strong> <strong>L\u2019INH qui dispose \u00e9galement de laboratoires itin\u00e9rants ?\u00a0<\/strong><\/p>\n<p>Tout \u00e0 fait ! Le premier laboratoire itin\u00e9rant a \u00e9t\u00e9 mis en place en 1955 par l\u2019INH. Un deuxi\u00e8me laboratoire de proximit\u00e9 a vu le jour cette ann\u00e9e, enti\u00e8rement con\u00e7u par une \u00e9quipe de l\u2019INH. Il s\u2019agit d\u2019une convention entre le minist\u00e8re de la Sant\u00e9, l\u2019INH et une association, \u00e0 savoir la Soci\u00e9t\u00e9 Marocaine de M\u00e9decine et de Solidarit\u00e9. Des laboratoires de proximit\u00e9 qui nous permettent d\u2019effectuer du diagnostic de proximit\u00e9, notamment dans des espaces \u00e0 risques o\u00f9 l\u2019on retrouve une forte concentration de personnes, comme les souks, les v\u00e9hicules de transport en commun et tous les espaces o\u00f9 il y a un fort regroupement.\u00a0<\/p>\n<p><strong>Challenge :<\/strong> <strong>On a senti un certain rel\u00e2chement de la population en mati\u00e8re de s\u00e9curit\u00e9 sanitaire. Quelles seraient vos recommandations pour l\u2019inciter \u00e0 faire preuve de vigilance ?\u00a0<\/strong><\/p>\n<p>D\u2019abord, respecter les indications des autorit\u00e9s sanitaires locales qui recommandent notamment le port du masque, se laver r\u00e9guli\u00e8rement les mains et effectuer les gestes barri\u00e8res. Nous sommes toujours en confinement, il est donc pr\u00e9conis\u00e9 de rester chez soi. Malheureusement, certains de nos compatriotes ne sont pas conscients du danger qu\u2019ils encourent, mettant aussi en p\u00e9ril la sant\u00e9 de leurs proches, sachant que le virus est toujours actif. Les populations qui ont fait reculer l\u2019\u00e9pid\u00e9mie, sont celles qui ont manifest\u00e9 de la rigueur et de discipline quant \u00e0 l\u2019application des gestes barri\u00e8res dans leurs pays. Le Maroc a fait beaucoup d\u2019efforts pour justement pr\u00e9server sa population, ce qui a \u00e9t\u00e9 salu\u00e9 \u00e0 l\u2019international. Il faut toujours rester en \u00e9tat d\u2019alerte de mani\u00e8re \u00e0 faire reculer autant que possible le virus. Ce qui nous permettra d\u2019amorcer dans les meilleures conditions, la phase de d\u00e9confinement.\u00a0<\/p>\n<p><strong>Lisez gratuitement Challenge en version PDF en cliquant sur le lien suivant : <a href=\"https:\/\/emag.challenge.ma\/745\/mobile\/index.html\">https:\/\/emag.challenge.ma\/745\/mobile\/index.html<\/a><\/strong><\/p>\n<p><img loading=\"lazy\" decoding=\"async\" src=\"https:\/\/www.challenge.ma\/wp-content\/uploads\/2020\/05\/challenge-745-1-786x1024.jpg\" alt=\"\" class=\"wp-image-142181\" width=\"256\" height=\"333\" srcset=\"https:\/\/www.challenge.ma\/wp-content\/uploads\/2020\/05\/challenge-745-1-786x1024.jpg 786w, https:\/\/www.challenge.ma\/wp-content\/uploads\/2020\/05\/challenge-745-1-230x300.jpg 230w, https:\/\/www.challenge.ma\/wp-content\/uploads\/2020\/05\/challenge-745-1-768x1000.jpg 768w, https:\/\/www.challenge.ma\/wp-content\/uploads\/2020\/05\/challenge-745-1-360x469.jpg 360w, https:\/\/www.challenge.ma\/wp-content\/uploads\/2020\/05\/challenge-745-1-750x977.jpg 750w, https:\/\/www.challenge.ma\/wp-content\/uploads\/2020\/05\/challenge-745-1.jpg 1000w\" sizes=\"auto, (max-width: 256px) 100vw, 256px\"\/><\/p>\n<div class=\"c17\">\n<fieldset class=\"c16\">\n<legend><strong><span class=\"c11\">Challenge<\/span><span class=\"c12\">news<\/span><\/strong><\/legend>\n<div class=\"c15\">Le meilleur de Challenge s\u00e9lectionn\u00e9 par la r\u00e9daction :<\/p>\n<\/div>\n<\/fieldset>\n<\/div>\n<p>Auteur: David J\u00e9r\u00e9mie<br \/>\n<a href=\"https:\/\/www.challenge.ma\/dr-abdelhafid-natiq-linstitut-national-dhygiene-effectue-plus-de-2-500-tests-de-depistage-par-jour-142259\/\">Cliquez ici pour lire l&rsquo;article depuis sa source.<\/a><\/p>\n","protected":false},"excerpt":{"rendered":"<p>Docteur en m\u00e9decine g\u00e9n\u00e9tique, sp\u00e9cialiste en cytog\u00e9n\u00e9tique classique et cytog\u00e9n\u00e9tique mol\u00e9culaire, Abdelhafid Natiq a fait de sa passion une profession qui lui a toujours donn\u00e9 enti\u00e8re satisfaction. Il nous livre \u00e0 travers cet entretien, son appr\u00e9ciation sur le r\u00f4le majeur que joue dans ce contexte de crise sanitaire, l\u2019Institut National d\u2019Hygi\u00e8ne. Challenge : \u00c0 l\u2019heure [&hellip;]<\/p>\n","protected":false},"author":1787,"featured_media":87157,"comment_status":"closed","ping_status":"closed","sticky":false,"template":"","format":"standard","meta":{"fifu_image_url":"","fifu_image_alt":"","footnotes":""},"categories":[78,54],"tags":[],"class_list":["post-87152","post","type-post","status-publish","format-standard","has-post-thumbnail","hentry","category-economie","category-maroc"],"_links":{"self":[{"href":"https:\/\/linitiative.ca\/International\/wp-json\/wp\/v2\/posts\/87152","targetHints":{"allow":["GET"]}}],"collection":[{"href":"https:\/\/linitiative.ca\/International\/wp-json\/wp\/v2\/posts"}],"about":[{"href":"https:\/\/linitiative.ca\/International\/wp-json\/wp\/v2\/types\/post"}],"author":[{"embeddable":true,"href":"https:\/\/linitiative.ca\/International\/wp-json\/wp\/v2\/users\/1787"}],"replies":[{"embeddable":true,"href":"https:\/\/linitiative.ca\/International\/wp-json\/wp\/v2\/comments?post=87152"}],"version-history":[{"count":0,"href":"https:\/\/linitiative.ca\/International\/wp-json\/wp\/v2\/posts\/87152\/revisions"}],"wp:featuredmedia":[{"embeddable":true,"href":"https:\/\/linitiative.ca\/International\/wp-json\/"}],"wp:attachment":[{"href":"https:\/\/linitiative.ca\/International\/wp-json\/wp\/v2\/media?parent=87152"}],"wp:term":[{"taxonomy":"category","embeddable":true,"href":"https:\/\/linitiative.ca\/International\/wp-json\/wp\/v2\/categories?post=87152"},{"taxonomy":"post_tag","embeddable":true,"href":"https:\/\/linitiative.ca\/International\/wp-json\/wp\/v2\/tags?post=87152"}],"curies":[{"name":"wp","href":"https:\/\/api.w.org\/{rel}","templated":true}]}}