{"id":87153,"date":"2020-05-29T12:22:58","date_gmt":"2020-05-29T16:22:58","guid":{"rendered":"https:\/\/linitiative.ca\/International\/covid-19-luca-contribue-a-la-creation-dun-centre-international\/"},"modified":"2020-05-29T12:22:58","modified_gmt":"2020-05-29T16:22:58","slug":"covid-19-luca-contribue-a-la-creation-dun-centre-international","status":"publish","type":"post","link":"https:\/\/linitiative.ca\/International\/covid-19-luca-contribue-a-la-creation-dun-centre-international\/","title":{"rendered":"Covid-19: L\u2019UCA contribue \u00e0 la cr\u00e9ation d\u2019un centre international"},"content":{"rendered":"<div readability=\"36\">\n<p>Marrakech \u2013 Une pl\u00e9iade de professeurs de droit international issus d\u2019Universit\u00e9s en Belgique et en France et de l\u2019Universit\u00e9 Cadi Ayyad (UCA) de Marrakech ont proc\u00e9d\u00e9 \u00e0 la cr\u00e9ation d\u2019un centre international des \u00e9tudes juridiques et politiques sur le nouveau coronavirus (Covid-19), avec pour objectif de mener une recherche scientifique exhaustive sur l\u2019impact de la crise sanitaire induite par cette pand\u00e9mie dans ses aspects politiques et juridiques.<\/p>\n<\/div>\n<div readability=\"95\">\n<p>Ledit centre a \u00e9t\u00e9 fond\u00e9 avec la contribution de l\u2019ancien doyen de la Facult\u00e9 de droit relevant de l\u2019UCA et professeur de droit international \u00e0 ladite Universit\u00e9, Youssef El Bhiri, alors que trois autres professeurs de Marrakech, Tanger et Ifrane figurent \u00e9galement parmi les membres de cette nouvelle structure.<\/p>\n<p>Dans une d\u00e9claration \u00e0 la MAP \u00e0 cette occasion, M. El Bhiri a expliqu\u00e9 que le r\u00f4le de ce centre, dont il est membre-fondateur, est d\u2019aborder la pand\u00e9mie du Covid-19 sous un angle diff\u00e9rent, en s\u2019int\u00e9ressant surtout \u00e0 l\u2019\u00e9tude de l\u2019impact de cette crise sur la situation politique et juridique dans les pays.<\/p>\n<p>Il a \u00e9galement relev\u00e9 que \u00ab\u00a0les travaux se focaliseront sur l\u2019\u00e9tude des aspects juridiques de l\u2019\u00e9tat d\u2019urgence sanitaire instaur\u00e9 dans les Etats, dans le cadre de la lutte contre la pand\u00e9mie du nouveau coronavirus, et sur leur conformit\u00e9 au droit international relatif \u00e0 la protection du droit \u00e0 la sant\u00e9 et des libert\u00e9s publiques, comme le droit de circulation, la libert\u00e9 des m\u00e9dias et le droit \u00e0 l\u2019information\u00a0\u00bb.<\/p>\n<p>Et d\u2019ajouter que certains pays ont interagi avec la pand\u00e9mie comme une question de souverainet\u00e9 et ce, en l\u2019absence des principes de solidarit\u00e9 internationale, soulignant que cette crise sanitaire a r\u00e9v\u00e9l\u00e9 au grand jour \u00ab\u00a0l\u2019attitude individuelle adopt\u00e9e par ces Etats face \u00e0 la pand\u00e9mie et l\u2019absence du concept de la communaut\u00e9 internationale tel que stipul\u00e9 dans la Charte des Nations Unies\u00a0\u00bb.<\/p>\n<p>Le centre fonctionnera selon trois phases : L\u2019engagement d\u2019une r\u00e9flexion collective et commune, puis l\u2019\u00e9laboration d\u2019un rapport pr\u00e9liminaire qui sera examin\u00e9 par les membres afin de formuler leurs observations et de convenir de la version d\u00e9finitive, et enfin la publication du rapport final.<\/p>\n<p>L\u2019id\u00e9e de cr\u00e9ation de ce centre est \u00e0 mettre \u00e0 l\u2019actif du doyen de la facult\u00e9 de droit de l\u2019Universit\u00e9 d\u2019Ypres \u00e0 Bruxelles, Jean-Michel De Waele, qui est coordinateur de ce centre international, ainsi que d\u2019un groupe de professeurs universitaires de Marseille (France) et du professeur de droit international, Youssef El Bhiri.<\/p>\n<p>Le centre compte 40 membres et experts en droit international et en sciences politiques issus des cinq continents, dont trois professeurs universitaires du Maroc.<\/p>\n<p>La contribution de l\u2019Universit\u00e9 Cadi Ayyad \u00e0 la cr\u00e9ation de ce centre se veut, ainsi, une cons\u00e9cration de la place dont jouit cet \u00e9tablissement, en particulier, et les Universit\u00e9s marocaines, en g\u00e9n\u00e9ral, sur les plans acad\u00e9mique et scientifique, ainsi qu\u2019une reconnaissance des comp\u00e9tences et des connaissances dont disposent les professeurs universitaires marocains.<\/p>\n<\/div>\n<p>Auteur: Meriem IGASS<br \/>\n<a href=\"http:\/\/www.mapmarrakech.ma\/fr\/luca-contribue-a-la-creation-dun-centre-international-sur-le-covid-19\/\">Cliquez ici pour lire l&rsquo;article depuis sa source.<\/a><\/p>\n","protected":false},"excerpt":{"rendered":"<p>Marrakech \u2013 Une pl\u00e9iade de professeurs de droit international issus d\u2019Universit\u00e9s en Belgique et en France et de l\u2019Universit\u00e9 Cadi Ayyad (UCA) de Marrakech ont proc\u00e9d\u00e9 \u00e0 la cr\u00e9ation d\u2019un centre international des \u00e9tudes juridiques et politiques sur le nouveau coronavirus (Covid-19), avec pour objectif de mener une recherche scientifique exhaustive sur l\u2019impact de la [&hellip;]<\/p>\n","protected":false},"author":1788,"featured_media":0,"comment_status":"closed","ping_status":"closed","sticky":false,"template":"","format":"standard","meta":{"fifu_image_url":"","fifu_image_alt":"","footnotes":""},"categories":[54,76],"tags":[],"class_list":["post-87153","post","type-post","status-publish","format-standard","hentry","category-maroc","category-regions"],"_links":{"self":[{"href":"https:\/\/linitiative.ca\/International\/wp-json\/wp\/v2\/posts\/87153","targetHints":{"allow":["GET"]}}],"collection":[{"href":"https:\/\/linitiative.ca\/International\/wp-json\/wp\/v2\/posts"}],"about":[{"href":"https:\/\/linitiative.ca\/International\/wp-json\/wp\/v2\/types\/post"}],"author":[{"embeddable":true,"href":"https:\/\/linitiative.ca\/International\/wp-json\/wp\/v2\/users\/1788"}],"replies":[{"embeddable":true,"href":"https:\/\/linitiative.ca\/International\/wp-json\/wp\/v2\/comments?post=87153"}],"version-history":[{"count":0,"href":"https:\/\/linitiative.ca\/International\/wp-json\/wp\/v2\/posts\/87153\/revisions"}],"wp:attachment":[{"href":"https:\/\/linitiative.ca\/International\/wp-json\/wp\/v2\/media?parent=87153"}],"wp:term":[{"taxonomy":"category","embeddable":true,"href":"https:\/\/linitiative.ca\/International\/wp-json\/wp\/v2\/categories?post=87153"},{"taxonomy":"post_tag","embeddable":true,"href":"https:\/\/linitiative.ca\/International\/wp-json\/wp\/v2\/tags?post=87153"}],"curies":[{"name":"wp","href":"https:\/\/api.w.org\/{rel}","templated":true}]}}