{"id":87156,"date":"2020-05-29T10:00:00","date_gmt":"2020-05-29T14:00:00","guid":{"rendered":"https:\/\/linitiative.ca\/International\/boughatas-libre-a-partir-du-mois-prochain\/"},"modified":"2020-05-29T10:00:00","modified_gmt":"2020-05-29T14:00:00","slug":"boughatas-libre-a-partir-du-mois-prochain","status":"publish","type":"post","link":"https:\/\/linitiative.ca\/International\/boughatas-libre-a-partir-du-mois-prochain\/","title":{"rendered":"Boughatas  libre \u00e0 partir du mois prochain !"},"content":{"rendered":"<p class=\"MsoNormal c4\"><strong><span class=\"c3\">Une source responsable au sein de l&rsquo;Etoile sportive du Sahel a indiqu\u00e9 \u00e0 Mosaique FM, que le d\u00e9fenseur Zied Boughatas<span class=\"c2\">\u00a0<\/span> sera libre de tout engagement avec le club \u00e0 partir de juin 2020 en raison d&rsquo;une erreur administrative qui s&rsquo;est produite au niveau de son contrat, qui devait se terminer en juin 2021.<\/span><\/strong><\/p>\n<p class=\"MsoNormal c6\"><strong><span class=\"c5\">Cette erreur administrative du secr\u00e9tariat g\u00e9n\u00e9ral du club du sahel a \u00e9t\u00e9 faite auparavant avec le joueur Amine Ben Amor.<\/span><\/strong><\/p>\n<p>Auteur: letemps1<br \/>\n<a href=\"http:\/\/www.letemps.com.tn\/article\/114204\/boughatas-libre-%C3%A0-partir-du-mois-prochain\">Cliquez ici pour lire l&rsquo;article depuis sa source.<\/a><\/p>\n","protected":false},"excerpt":{"rendered":"<p>Une source responsable au sein de l&rsquo;Etoile sportive du Sahel a indiqu\u00e9 \u00e0 Mosaique FM, que le d\u00e9fenseur Zied Boughatas\u00a0 sera libre de tout engagement avec le club \u00e0 partir de juin 2020 en raison d&rsquo;une erreur administrative qui s&rsquo;est produite au niveau de son contrat, qui devait se terminer en juin 2021. Cette erreur [&hellip;]<\/p>\n","protected":false},"author":1773,"featured_media":0,"comment_status":"closed","ping_status":"closed","sticky":false,"template":"","format":"standard","meta":{"fifu_image_url":"","fifu_image_alt":"","footnotes":""},"categories":[73,55],"tags":[],"class_list":["post-87156","post","type-post","status-publish","format-standard","hentry","category-actualite","category-tunisie"],"_links":{"self":[{"href":"https:\/\/linitiative.ca\/International\/wp-json\/wp\/v2\/posts\/87156","targetHints":{"allow":["GET"]}}],"collection":[{"href":"https:\/\/linitiative.ca\/International\/wp-json\/wp\/v2\/posts"}],"about":[{"href":"https:\/\/linitiative.ca\/International\/wp-json\/wp\/v2\/types\/post"}],"author":[{"embeddable":true,"href":"https:\/\/linitiative.ca\/International\/wp-json\/wp\/v2\/users\/1773"}],"replies":[{"embeddable":true,"href":"https:\/\/linitiative.ca\/International\/wp-json\/wp\/v2\/comments?post=87156"}],"version-history":[{"count":0,"href":"https:\/\/linitiative.ca\/International\/wp-json\/wp\/v2\/posts\/87156\/revisions"}],"wp:attachment":[{"href":"https:\/\/linitiative.ca\/International\/wp-json\/wp\/v2\/media?parent=87156"}],"wp:term":[{"taxonomy":"category","embeddable":true,"href":"https:\/\/linitiative.ca\/International\/wp-json\/wp\/v2\/categories?post=87156"},{"taxonomy":"post_tag","embeddable":true,"href":"https:\/\/linitiative.ca\/International\/wp-json\/wp\/v2\/tags?post=87156"}],"curies":[{"name":"wp","href":"https:\/\/api.w.org\/{rel}","templated":true}]}}