{"id":87163,"date":"2020-05-29T12:34:12","date_gmt":"2020-05-29T16:34:12","guid":{"rendered":"https:\/\/linitiative.ca\/International\/marie-louise-belarbi-une-etoile-de-la-culture-marocaine-sest-eteinte\/"},"modified":"2020-05-29T12:34:12","modified_gmt":"2020-05-29T16:34:12","slug":"marie-louise-belarbi-une-etoile-de-la-culture-marocaine-sest-eteinte","status":"publish","type":"post","link":"https:\/\/linitiative.ca\/International\/marie-louise-belarbi-une-etoile-de-la-culture-marocaine-sest-eteinte\/","title":{"rendered":"Marie-Louise Belarbi, une \u00e9toile de la culture marocaine s\u2019est \u00e9teinte"},"content":{"rendered":"<p class=\"has-text-color has-very-dark-gray-color c2\"><strong>Mohamed Nait Youssef<\/strong><\/p>\n<p class=\"has-text-color c3\"><strong>Une grande dame de la culture et de l\u2019\u00e9dition s\u2019en est all\u00e9e pour rejoindre d\u2019autres cieux plus sereins et cl\u00e9ments. En effet, l\u2019\u00e9ditrice, libraire et journaliste\u00a0 Marie-Louise Belarbi a pass\u00e9 larme \u00e0 gauche, jeudi 28 mai dans la ville de Tanger, des suites d\u2019une longue maladie. Elle avait 91 ans.<\/strong><\/p>\n<p>La d\u00e9funte a fait ses premiers pas dans le monde de l\u2019\u00e9dition \u00e0 Julliard et Laffont \u00e0 Paris avant de d\u00e9poser ses valises \u00e0 Rabat pour y vivre et travailler. Et l\u2019aventure commen\u00e7ait\u2026<\/p>\n<p>\u00abMon Amie Marie-Louise Belarbi est d\u00e9c\u00e9d\u00e9e. Elle fut une magnifique personne et un agent culturel qui a profond\u00e9ment marqu\u00e9 la ville de Casablanca et les courants culturels des ann\u00e9es 1970 aux premi\u00e8res ann\u00e9es 2000. Merci beaucoup pour votre \u0153uvre.\u00a0Reposez en paix.\u00a0 Notre affection vous accompagne vers la lumi\u00e8re\u00bb, a \u00e9crit la romanci\u00e8re Ghita El Khayat\u00a0 sur le d\u00e9part de Marie-Louise.<\/p>\n<p>Une personne aimable mais aussi et surtout professionnelle. La regrett\u00e9e a \u00e9t\u00e9 la fondatrice de la librairie Carrefour des Livres bas\u00e9e sur Casablanca et co-fondatrice des Editions Tarik. Infatigable\u00a0! Elle fut l\u2019une des militantes de la premi\u00e8re heure pour la promotion du livre et de la lecture au Maroc.<\/p>\n<p>\u00abQuand j\u2019ai voulu cr\u00e9er ma maison d\u2019\u00e9dition Yomad, j\u2019ai pris l\u2019avis de quelques professionnels du livre qui m\u2019ont tous d\u00e9courag\u00e9e, sauf une seule personne qui m\u2019avait dit : \u00abNadia, regarde devant et fonce, ne les \u00e9coute pas\u00bb. Depuis, notre amiti\u00e9 \u00e9tait telle qu\u2019elle m\u2019appelait sa fille adoptive. Elle a beaucoup donn\u00e9 au livre, \u00e0 son d\u00e9veloppement, sa promotion. Elle \u00e9tait un monument et elle le restera.\u00a0Ma Marie-Louise, mon chagrin n\u2019a pas d\u2019\u00e9gal \u00bb. C\u2019est avec ces mots que l\u2019\u00e9ditrice de jeunesse, Nadia Essalmi a rendu un vibrant hommage \u00e0 la d\u00e9funte.<\/p>\n<p>C\u2019est dans la fameuse librairie Carrefour des Livres au quartier Maarif de la ville dite blanche, que Marie-Louise Belarbi avait re\u00e7u des figures embl\u00e9matiques de la Litt\u00e9rature et de l\u2019\u00e9criture des quatre coins du monde. Sa mort est une v\u00e9ritable perte pour le paysage culturel national. Le livre est en deuil!<\/p>\n<p>\u00abToute une \u00e9poque. Une figure. Libraire et \u00e9ditrice \u00e9tablie \u00e0 Rabat puis Casablanca \u00e0 partir de l\u2019ann\u00e9e 1960,\u00a0 Marie-Louise Belarbi n\u00e9e Guibal s\u2019est \u00e9teinte ce jeudi 28 mai 2020 \u00e0 Tanger \u00e0 l\u2019\u00e2ge de 91 ans des suites d\u2019une longue maladie\u00bb, t\u00e9moigne Emmanuelle Sarrazin, g\u00e9rante de la maison d\u2019\u00e9dition Sarrazines &amp; Co install\u00e9e \u00e0 Marrakech.<\/p>\n<p>Au-del\u00e0 de son activit\u00e9 d\u2019\u00e9ditrice et libraire, Marie-Louise Belarbi a brill\u00e9 de mille feux dans les cieux du journalisme. Elle a en effet anim\u00e9 de 1986 \u00e0 1990 l\u2019\u00e9mission \u00abPlaisir de lire\u00bb sur la cha\u00eene Inter de la RTM.<\/p>\n<p>\u00abTriste d\u2019apprendre le d\u00e9c\u00e8s \u00e0 Tanger cette nuit de Marie Louise Belarbi, la grande dame du livre. Fondatrice de la fameuse librairie Carrefour des Livres au Maarif Casablanca, et co-fondatrice des \u00e9ditions Tarik avec Bichr Bennani. Sinc\u00e8res condol\u00e9ances et pens\u00e9es chaleureuses en particulier pour sa fille Mounia grande journaliste \u00e0 Medi1 Radio, son fils Malek c\u00e9l\u00e8bre auteur-compositeur-interpr\u00e8te, son gendre Jamal Amiar ainsi que tous les membres de sa famille, ses petits enfants et ses proches. Puisse-t-elle reposer en paix\u00a0\u00bb, \u00e9crivait Neila Tazi sur sa page face-book sur la disparition de Marie-Louise Belarbi.<\/p>\n<p>Marie-Louise Belarbi restera vivante dans les m\u00e9moires de ceux et celles qui l\u2019ont connue mais aussi \u00e0 travers ses livres \u00abSoixante ans de passion pour le livre\u00bb et \u00abLigne bris\u00e9e\u00bb, entre autres.<\/p>\n<p>Auteur: M&rsquo;hammed rahal<br \/>\n<a href=\"http:\/\/albayane.press.ma\/marie-louise-belarbi-une-etoile-de-la-culture-marocaine-sest-eteinte.html\">Cliquez ici pour lire l&rsquo;article depuis sa source.<\/a><\/p>\n","protected":false},"excerpt":{"rendered":"<p>Mohamed Nait Youssef Une grande dame de la culture et de l\u2019\u00e9dition s\u2019en est all\u00e9e pour rejoindre d\u2019autres cieux plus sereins et cl\u00e9ments. En effet, l\u2019\u00e9ditrice, libraire et journaliste\u00a0 Marie-Louise Belarbi a pass\u00e9 larme \u00e0 gauche, jeudi 28 mai dans la ville de Tanger, des suites d\u2019une longue maladie. Elle avait 91 ans. La d\u00e9funte [&hellip;]<\/p>\n","protected":false},"author":1760,"featured_media":0,"comment_status":"closed","ping_status":"closed","sticky":false,"template":"","format":"standard","meta":{"fifu_image_url":"","fifu_image_alt":"","footnotes":""},"categories":[73,54],"tags":[],"class_list":["post-87163","post","type-post","status-publish","format-standard","hentry","category-actualite","category-maroc"],"_links":{"self":[{"href":"https:\/\/linitiative.ca\/International\/wp-json\/wp\/v2\/posts\/87163","targetHints":{"allow":["GET"]}}],"collection":[{"href":"https:\/\/linitiative.ca\/International\/wp-json\/wp\/v2\/posts"}],"about":[{"href":"https:\/\/linitiative.ca\/International\/wp-json\/wp\/v2\/types\/post"}],"author":[{"embeddable":true,"href":"https:\/\/linitiative.ca\/International\/wp-json\/wp\/v2\/users\/1760"}],"replies":[{"embeddable":true,"href":"https:\/\/linitiative.ca\/International\/wp-json\/wp\/v2\/comments?post=87163"}],"version-history":[{"count":0,"href":"https:\/\/linitiative.ca\/International\/wp-json\/wp\/v2\/posts\/87163\/revisions"}],"wp:attachment":[{"href":"https:\/\/linitiative.ca\/International\/wp-json\/wp\/v2\/media?parent=87163"}],"wp:term":[{"taxonomy":"category","embeddable":true,"href":"https:\/\/linitiative.ca\/International\/wp-json\/wp\/v2\/categories?post=87163"},{"taxonomy":"post_tag","embeddable":true,"href":"https:\/\/linitiative.ca\/International\/wp-json\/wp\/v2\/tags?post=87163"}],"curies":[{"name":"wp","href":"https:\/\/api.w.org\/{rel}","templated":true}]}}