{"id":87164,"date":"2020-05-29T13:03:25","date_gmt":"2020-05-29T17:03:25","guid":{"rendered":"https:\/\/linitiative.ca\/International\/pros-al-khelaifi-pousse-pour-le-recrutement-dune-star-de-len\/"},"modified":"2020-05-29T13:03:25","modified_gmt":"2020-05-29T17:03:25","slug":"pros-al-khelaifi-pousse-pour-le-recrutement-dune-star-de-len","status":"publish","type":"post","link":"https:\/\/linitiative.ca\/International\/pros-al-khelaifi-pousse-pour-le-recrutement-dune-star-de-len\/","title":{"rendered":"Pros : Al-Khela\u00effi pousse pour le recrutement d\u2019une star de l\u2019EN"},"content":{"rendered":"<div readability=\"32\">\n<p>Auteur : <span class=\"time\">vendredi 29 mai 2020 13:32<\/span><\/p>\n<\/div>\n<div id=\"post_core\" readability=\"49\">\n<p>En qu\u00eate de renforts au milieu de terrain, Leonardo commence \u00e0 r\u00e9duire sa short-list sur laquelle le nom d&rsquo;Isma\u00ebl Bennacer pla\u00eet grandement \u00e0 Nasser Al-Khela\u00effi. Le pr\u00e9sident du PSG pousserait en coulisse pour attirer l&rsquo;international alg\u00e9rien. Selon Le 10 Sport, ce dossier serait m\u00eame pouss\u00e9 et soutenu par Nasser Al-Khela\u00effi en interne. Bien que la piste menant \u00e0 Isma\u00ebl Bennacer ait \u00e9t\u00e9 initi\u00e9e par Leonardo, le pr\u00e9sident du PSG semble tr\u00e8s int\u00e9ress\u00e9 \u00e0 l&rsquo;id\u00e9e d&rsquo;attirer l&rsquo;international alg\u00e9rien qui aurait d\u00e9j\u00e0 fait l&rsquo;objet d&rsquo;une premi\u00e8re offensive. En effet, les Parisiens auraient d\u00e9j\u00e0 transmis une premi\u00e8re offre au Milan AC \u00e0 hauteur de 30M\u20ac, refus\u00e9e par les Rossoneri. Toutefois, nous n&rsquo;en sommes qu&rsquo;au tout d\u00e9but des discussions et le march\u00e9 est \u00e0 peine lanc\u00e9. Par cons\u00e9quent, la position du club lombard pourrait bien \u00e9voluer dans les prochaines semaines, d&rsquo;autant que selon Le 10 Sport toujours, Isma\u00ebl Bennacer est tr\u00e8s int\u00e9ress\u00e9 \u00e0 l&rsquo;id\u00e9e de rejoindre le PSG. Par cons\u00e9quent, bien que Sergej Milinkovic-Savic reste la priorit\u00e9 de Leonardo, ce dernier se verrait bien attirer un second profil plus d\u00e9fensif au milieu de terrain qui pourrait bien \u00eatre l&rsquo;international alg\u00e9rien toujours sur les tablettes du club de la capitale fran\u00e7aise, pour le plus grand bonheur de Nasser Al-Khela\u00effi.<\/p>\n<p><strong>Publi\u00e9 dans :<\/strong> <span>Al-Khela\u00effi<\/span><\/p>\n<\/div>\n<p>Auteur:<br \/>\n<a href=\"http:\/\/www.lebuteur.com\/article\/detail?titre=al-khelaifi-pousse-pour-le-recrutement-dune-star-de-len&#038;id=96089&#038;utm_source=feedburner&#038;utm_medium=feed&#038;utm_campaign=Feed%3A+GalerieFArtciles+%28Les+derniers+articles++-+lebuteur.com%29\">Cliquez ici pour lire l&rsquo;article depuis sa source.<\/a><\/p>\n","protected":false},"excerpt":{"rendered":"<p>Auteur : vendredi 29 mai 2020 13:32 En qu\u00eate de renforts au milieu de terrain, Leonardo commence \u00e0 r\u00e9duire sa short-list sur laquelle le nom d&rsquo;Isma\u00ebl Bennacer pla\u00eet grandement \u00e0 Nasser Al-Khela\u00effi. Le pr\u00e9sident du PSG pousserait en coulisse pour attirer l&rsquo;international alg\u00e9rien. Selon Le 10 Sport, ce dossier serait m\u00eame pouss\u00e9 et soutenu par [&hellip;]<\/p>\n","protected":false},"author":1738,"featured_media":87170,"comment_status":"closed","ping_status":"closed","sticky":false,"template":"","format":"standard","meta":{"fifu_image_url":"","fifu_image_alt":"","footnotes":""},"categories":[53,75],"tags":[],"class_list":["post-87164","post","type-post","status-publish","format-standard","has-post-thumbnail","hentry","category-algerie","category-sport"],"_links":{"self":[{"href":"https:\/\/linitiative.ca\/International\/wp-json\/wp\/v2\/posts\/87164","targetHints":{"allow":["GET"]}}],"collection":[{"href":"https:\/\/linitiative.ca\/International\/wp-json\/wp\/v2\/posts"}],"about":[{"href":"https:\/\/linitiative.ca\/International\/wp-json\/wp\/v2\/types\/post"}],"author":[{"embeddable":true,"href":"https:\/\/linitiative.ca\/International\/wp-json\/wp\/v2\/users\/1738"}],"replies":[{"embeddable":true,"href":"https:\/\/linitiative.ca\/International\/wp-json\/wp\/v2\/comments?post=87164"}],"version-history":[{"count":0,"href":"https:\/\/linitiative.ca\/International\/wp-json\/wp\/v2\/posts\/87164\/revisions"}],"wp:featuredmedia":[{"embeddable":true,"href":"https:\/\/linitiative.ca\/International\/wp-json\/"}],"wp:attachment":[{"href":"https:\/\/linitiative.ca\/International\/wp-json\/wp\/v2\/media?parent=87164"}],"wp:term":[{"taxonomy":"category","embeddable":true,"href":"https:\/\/linitiative.ca\/International\/wp-json\/wp\/v2\/categories?post=87164"},{"taxonomy":"post_tag","embeddable":true,"href":"https:\/\/linitiative.ca\/International\/wp-json\/wp\/v2\/tags?post=87164"}],"curies":[{"name":"wp","href":"https:\/\/api.w.org\/{rel}","templated":true}]}}