{"id":87168,"date":"2020-05-29T12:48:00","date_gmt":"2020-05-29T16:48:00","guid":{"rendered":"https:\/\/linitiative.ca\/International\/secteur-du-logement-a-mostaganem-vers-labandon-du-social-au-profit-du-lpa\/"},"modified":"2020-05-29T12:48:00","modified_gmt":"2020-05-29T16:48:00","slug":"secteur-du-logement-a-mostaganem-vers-labandon-du-social-au-profit-du-lpa","status":"publish","type":"post","link":"https:\/\/linitiative.ca\/International\/secteur-du-logement-a-mostaganem-vers-labandon-du-social-au-profit-du-lpa\/","title":{"rendered":"SECTEUR DU LOGEMENT A MOSTAGANEM : Vers l\u2019abandon du  Social au profit du LPA"},"content":{"rendered":"<p><br id=\"sep_para_1\" class=\"sep_para access\"\/><\/p>\n<div id=\"para_1\" class=\"para_37206952 resize\">\n<div class=\"texte access firstletter\">La d\u00e9cision de l\u2019abandon progressive du logement social \u00e0 Mostaganem est motiv\u00e9e, selon la m\u00eame source, par le manque d&rsquo;assiettes fonci\u00e8res pour la r\u00e9alisation des quotas attribu\u00e9s. Parmi toutes les formules d&rsquo;habitation con\u00e7ues par l&rsquo;Etat, le logement social \u00e0 Mostaganem semble d\u00e9sormais \u00eatre \u2018\u2019frein\u00e9\u2018&rsquo; et demeure aujourd\u2019hui confront\u00e9 \u00e0 d&rsquo;insurmontables obstacles. Mostaganem et\u00a0 certaines communes de la wilaya \u00e0 l\u2019instar de Sidi Belattar fait d\u00e9j\u00e0 face \u00e0 un flagrant d\u00e9ficit de foncier urbain pour lancer ses\u00a0 logements sociaux toujours en instance de lieux d&rsquo;implantation. En ce sens, les autorit\u00e9s locales avaient affirm\u00e9 que les services de wilaya proc\u00e9daient \u00e0 l&rsquo;enqu\u00eate fonci\u00e8re sur les assiettes devant abriter les sites pour la r\u00e9alisation des logements sociaux locatifs accord\u00e9s par le minist\u00e8re de l&rsquo;Habitat, de l&rsquo;urbanisme et de la ville \u00e0 la capitale. On parle, par exemple, de la derni\u00e8re distribution de logements qui aura lieu dans la commune de Kheir-Eddine o\u00f9 pr\u00e8s de 800 logements devraient \u00eatre distribu\u00e9s pour la derni\u00e8re fois en attendant l\u2019am\u00e9lioration des finances de l\u2019Etat ou le d\u00e9sengagement de celui-ci au profit des wilayas en mati\u00e8re de r\u00e9alisation des logements sociaux. S&rsquo;exprimant en marge de la session ordinaire des travaux de l&rsquo;Assembl\u00e9e populaire de wilaya (APW), l\u2019ex-wali avait fait savoir que les services de wilaya avaient d\u00e9termin\u00e9 les assiettes fonci\u00e8res n\u00e9cessaires \u00e0 la r\u00e9alisation de logements au titre de la formule LSL, pr\u00e9cisant que l&rsquo;enqu\u00eate fonci\u00e8re pour v\u00e9rifier leur conformit\u00e9 se poursuivait, relevant que les\u00a0 logements sociaux accord\u00e9s \u00e0 la wilaya de Mostaganem \u00e9taient un quota initial. L\u2019ex-wali avait indiqu\u00e9 que l&rsquo;enqu\u00eate fonci\u00e8re porterait \u00e0 l&rsquo;avenir sur une plus grande superficie afin de satisfaire aux demandes des citoyens d\u00e9sireux b\u00e9n\u00e9ficier de ce programme.<\/div>\n<\/div>\n<p>Auteur: Smain<br \/>\n<a href=\"https:\/\/www.reflexiondz.net\/SECTEUR-DU-LOGEMENT-A-MOSTAGANEM-Vers-l-abandon-du-Social-au-profit-du-LPA_a62989.html\">Cliquez ici pour lire l&rsquo;article depuis sa source.<\/a><\/p>\n","protected":false},"excerpt":{"rendered":"<p>La d\u00e9cision de l\u2019abandon progressive du logement social \u00e0 Mostaganem est motiv\u00e9e, selon la m\u00eame source, par le manque d&rsquo;assiettes fonci\u00e8res pour la r\u00e9alisation des quotas attribu\u00e9s. Parmi toutes les formules d&rsquo;habitation con\u00e7ues par l&rsquo;Etat, le logement social \u00e0 Mostaganem semble d\u00e9sormais \u00eatre \u2018\u2019frein\u00e9\u2018&rsquo; et demeure aujourd\u2019hui confront\u00e9 \u00e0 d&rsquo;insurmontables obstacles. Mostaganem et\u00a0 certaines communes [&hellip;]<\/p>\n","protected":false},"author":1740,"featured_media":0,"comment_status":"closed","ping_status":"closed","sticky":false,"template":"","format":"standard","meta":{"fifu_image_url":"","fifu_image_alt":"","footnotes":""},"categories":[53,76],"tags":[],"class_list":["post-87168","post","type-post","status-publish","format-standard","hentry","category-algerie","category-regions"],"_links":{"self":[{"href":"https:\/\/linitiative.ca\/International\/wp-json\/wp\/v2\/posts\/87168","targetHints":{"allow":["GET"]}}],"collection":[{"href":"https:\/\/linitiative.ca\/International\/wp-json\/wp\/v2\/posts"}],"about":[{"href":"https:\/\/linitiative.ca\/International\/wp-json\/wp\/v2\/types\/post"}],"author":[{"embeddable":true,"href":"https:\/\/linitiative.ca\/International\/wp-json\/wp\/v2\/users\/1740"}],"replies":[{"embeddable":true,"href":"https:\/\/linitiative.ca\/International\/wp-json\/wp\/v2\/comments?post=87168"}],"version-history":[{"count":0,"href":"https:\/\/linitiative.ca\/International\/wp-json\/wp\/v2\/posts\/87168\/revisions"}],"wp:attachment":[{"href":"https:\/\/linitiative.ca\/International\/wp-json\/wp\/v2\/media?parent=87168"}],"wp:term":[{"taxonomy":"category","embeddable":true,"href":"https:\/\/linitiative.ca\/International\/wp-json\/wp\/v2\/categories?post=87168"},{"taxonomy":"post_tag","embeddable":true,"href":"https:\/\/linitiative.ca\/International\/wp-json\/wp\/v2\/tags?post=87168"}],"curies":[{"name":"wp","href":"https:\/\/api.w.org\/{rel}","templated":true}]}}