{"id":87169,"date":"2020-05-29T12:58:50","date_gmt":"2020-05-29T16:58:50","guid":{"rendered":"https:\/\/linitiative.ca\/International\/tunisie-un-incendie-ravage-16-hectares-de-ble-a-beja\/"},"modified":"2020-05-29T12:58:50","modified_gmt":"2020-05-29T16:58:50","slug":"tunisie-un-incendie-ravage-16-hectares-de-ble-a-beja","status":"publish","type":"post","link":"https:\/\/linitiative.ca\/International\/tunisie-un-incendie-ravage-16-hectares-de-ble-a-beja\/","title":{"rendered":"Tunisie: Un incendie ravage 16 hectares de bl\u00e9 \u00e0 B\u00e9ja"},"content":{"rendered":"<div class=\"post-cont-in left relative\">\n<p>Un incendie s\u2019est d\u00e9clar\u00e9 ce vendredi apr\u00e8s-midi, , dans une ferme de c\u00e9r\u00e9ales dans la r\u00e9gion de Hammam Siala, dans le sud de B\u00e9ja, causant des dommages \u00e0 16 hectares et demi de plantation de bl\u00e9 sur la propri\u00e9t\u00e9 de 3 des agriculteurs de la r\u00e9gion avant que les unit\u00e9s de protection civile puissent \u00e9teindre l\u2019incendie limiter les pertes.<\/p>\n<div class=\"code-block code-block-1 c3\"><ins class=\"adsbygoogle c2\" data-ad-layout=\"in-article\" data-ad-format=\"fluid\" data-ad-client=\"ca-pub-2102118777505746\" data-ad-slot=\"7301775417\"\/> <\/div>\n<p>La cause de l\u2019incendie et sa source n\u2019ont pas encore \u00e9t\u00e9 identifi\u00e9s, en attendant le r\u00e9sultat de l\u2019enqu\u00eate de s\u00e9curit\u00e9 qui a \u00e9t\u00e9 ouverte pour conna\u00eetre les v\u00e9ritables causes du sinistre.<\/p>\n<div class=\"swp_social_panel swp_horizontal_panel swp_flat_fresh swp_default_full_color swp_individual_full_color swp_other_full_color scale-100 scale-\" data-min-width=\"1100\" data-float-color=\"#ffffff\" data-float=\"bottom\" data-float-mobile=\"bottom\" data-transition=\"slide\">\n<div class=\"nc_tweetContainer swp_share_button total_shares total_sharesalt\"><span class=\"swp_count\">1 <span class=\"swp_label\">Partages<\/span><\/span><\/div>\n<\/div>\n<p><strong>Que se passe-t-il en Tunisie?<\/strong><br \/>Nous expliquons sur notre <a href=\"https:\/\/www.youtube.com\/channel\/UCRzypVq0B_yBad5eGrwBx0Q?sub_confirmation=1\" target=\"_blank\" rel=\"noopener noreferrer\">cha\u00eene YouTube<\/a> . <a href=\"https:\/\/www.youtube.com\/channel\/UCRzypVq0B_yBad5eGrwBx0Q?sub_confirmation=1\" target=\"_blank\" rel=\"noopener noreferrer\">Abonnez-vous!<\/a><\/p>\n<div class=\"mvp-org-wrap mvp-org-logo\" itemprop=\"publisher\" itemscope=\"\" itemtype=\"https:\/\/schema.org\/Organization\"><img decoding=\"async\" src=\"https:\/\/www.tunisienumerique.com\/wp-content\/uploads\/2017\/02\/logo_tunisie_numerique.png\"\/><\/div>\n<div class=\"mvp-related-posts left relative\">\n<h4 class=\"post-header\"><span class=\"post-header\">Lire aussi<\/span><\/h4>\n<\/div>\n<div id=\"article-ad\"><ins class=\"adsbygoogle c4\" data-ad-client=\"ca-pub-2102118777505746\" data-ad-slot=\"6513972734\" data-ad-format=\"auto\" data-full-width-responsive=\"true\"\/> <\/div>\n<\/div>\n<div id=\"post-sidebar-wrap\"><ins class=\"adsbygoogle c4\" data-ad-client=\"ca-pub-2102118777505746\" data-ad-slot=\"6168283410\" data-ad-format=\"auto\" data-full-width-responsive=\"true\"\/> <\/div>\n<p>Auteur: Mourad S<br \/>\n<a href=\"https:\/\/www.tunisienumerique.com\/tunisie-un-incendie-ravage-16-hectares-de-ble-a-beja\/\">Cliquez ici pour lire l&rsquo;article depuis sa source.<\/a><\/p>\n","protected":false},"excerpt":{"rendered":"<p>Un incendie s\u2019est d\u00e9clar\u00e9 ce vendredi apr\u00e8s-midi, , dans une ferme de c\u00e9r\u00e9ales dans la r\u00e9gion de Hammam Siala, dans le sud de B\u00e9ja, causant des dommages \u00e0 16 hectares et demi de plantation de bl\u00e9 sur la propri\u00e9t\u00e9 de 3 des agriculteurs de la r\u00e9gion avant que les unit\u00e9s de protection civile puissent \u00e9teindre [&hellip;]<\/p>\n","protected":false},"author":1789,"featured_media":87174,"comment_status":"closed","ping_status":"closed","sticky":false,"template":"","format":"standard","meta":{"fifu_image_url":"","fifu_image_alt":"","footnotes":""},"categories":[73,55],"tags":[],"class_list":["post-87169","post","type-post","status-publish","format-standard","has-post-thumbnail","hentry","category-actualite","category-tunisie"],"_links":{"self":[{"href":"https:\/\/linitiative.ca\/International\/wp-json\/wp\/v2\/posts\/87169","targetHints":{"allow":["GET"]}}],"collection":[{"href":"https:\/\/linitiative.ca\/International\/wp-json\/wp\/v2\/posts"}],"about":[{"href":"https:\/\/linitiative.ca\/International\/wp-json\/wp\/v2\/types\/post"}],"author":[{"embeddable":true,"href":"https:\/\/linitiative.ca\/International\/wp-json\/wp\/v2\/users\/1789"}],"replies":[{"embeddable":true,"href":"https:\/\/linitiative.ca\/International\/wp-json\/wp\/v2\/comments?post=87169"}],"version-history":[{"count":0,"href":"https:\/\/linitiative.ca\/International\/wp-json\/wp\/v2\/posts\/87169\/revisions"}],"wp:featuredmedia":[{"embeddable":true,"href":"https:\/\/linitiative.ca\/International\/wp-json\/"}],"wp:attachment":[{"href":"https:\/\/linitiative.ca\/International\/wp-json\/wp\/v2\/media?parent=87169"}],"wp:term":[{"taxonomy":"category","embeddable":true,"href":"https:\/\/linitiative.ca\/International\/wp-json\/wp\/v2\/categories?post=87169"},{"taxonomy":"post_tag","embeddable":true,"href":"https:\/\/linitiative.ca\/International\/wp-json\/wp\/v2\/tags?post=87169"}],"curies":[{"name":"wp","href":"https:\/\/api.w.org\/{rel}","templated":true}]}}