{"id":87172,"date":"2020-05-29T13:03:28","date_gmt":"2020-05-29T17:03:28","guid":{"rendered":"https:\/\/linitiative.ca\/International\/international-la-liga-reprend-le-11-juin\/"},"modified":"2020-05-29T13:03:28","modified_gmt":"2020-05-29T17:03:28","slug":"international-la-liga-reprend-le-11-juin","status":"publish","type":"post","link":"https:\/\/linitiative.ca\/International\/international-la-liga-reprend-le-11-juin\/","title":{"rendered":"International : La Liga reprend le 11 juin"},"content":{"rendered":"<div readability=\"32\">\n<p>Auteur : <span class=\"time\">vendredi 29 mai 2020 16:32<\/span><\/p>\n<\/div>\n<div id=\"post_core\" readability=\"36\">\n<p>Les officialisations des reprises s\u2019encha\u00eenent. Apr\u00e8s la Premier League et la Suisse, le Conseil Sup\u00e9rieur des Sports espagnol vient de confirmer que LaLiga reprendra ses droits \u00e0 partir du jeudi 11 juin avec le derby bouillant d\u2019Andalousie entre S\u00e9ville et le Betis: \u00abLa F\u00e9d\u00e9ration espagnole et LaLiga ont trouv\u00e9 un accord sur le d\u00e9roulement des onze journ\u00e9es qu\u2019il reste \u00e0 jouer pour la fin de la saison de LaLiga. La reprise de la comp\u00e9tition se tiendra lors du week-end du 13 et 14 juin. Le premier match aura lieu le jeudi 11 entre S\u00e9ville et le Betis.\u00bb peut-on lire dans le communiqu\u00e9 relay\u00e9 par AS et comme rapport\u00e9 par Foot Mercato.<\/p>\n<p><strong>Publi\u00e9 dans :<\/strong> <span>Liga<\/span><\/p>\n<\/div>\n<p>Auteur:<br \/>\n<a href=\"http:\/\/www.lebuteur.com\/article\/detail?titre=la-liga-reprend-le-11-juin&#038;id=96090&#038;utm_source=feedburner&#038;utm_medium=feed&#038;utm_campaign=Feed%3A+GalerieFArtciles+%28Les+derniers+articles++-+lebuteur.com%29\">Cliquez ici pour lire l&rsquo;article depuis sa source.<\/a><\/p>\n","protected":false},"excerpt":{"rendered":"<p>Auteur : vendredi 29 mai 2020 16:32 Les officialisations des reprises s\u2019encha\u00eenent. Apr\u00e8s la Premier League et la Suisse, le Conseil Sup\u00e9rieur des Sports espagnol vient de confirmer que LaLiga reprendra ses droits \u00e0 partir du jeudi 11 juin avec le derby bouillant d\u2019Andalousie entre S\u00e9ville et le Betis: \u00abLa F\u00e9d\u00e9ration espagnole et LaLiga ont [&hellip;]<\/p>\n","protected":false},"author":1738,"featured_media":87177,"comment_status":"closed","ping_status":"closed","sticky":false,"template":"","format":"standard","meta":{"fifu_image_url":"","fifu_image_alt":"","footnotes":""},"categories":[53,75],"tags":[],"class_list":["post-87172","post","type-post","status-publish","format-standard","has-post-thumbnail","hentry","category-algerie","category-sport"],"_links":{"self":[{"href":"https:\/\/linitiative.ca\/International\/wp-json\/wp\/v2\/posts\/87172","targetHints":{"allow":["GET"]}}],"collection":[{"href":"https:\/\/linitiative.ca\/International\/wp-json\/wp\/v2\/posts"}],"about":[{"href":"https:\/\/linitiative.ca\/International\/wp-json\/wp\/v2\/types\/post"}],"author":[{"embeddable":true,"href":"https:\/\/linitiative.ca\/International\/wp-json\/wp\/v2\/users\/1738"}],"replies":[{"embeddable":true,"href":"https:\/\/linitiative.ca\/International\/wp-json\/wp\/v2\/comments?post=87172"}],"version-history":[{"count":0,"href":"https:\/\/linitiative.ca\/International\/wp-json\/wp\/v2\/posts\/87172\/revisions"}],"wp:featuredmedia":[{"embeddable":true,"href":"https:\/\/linitiative.ca\/International\/wp-json\/"}],"wp:attachment":[{"href":"https:\/\/linitiative.ca\/International\/wp-json\/wp\/v2\/media?parent=87172"}],"wp:term":[{"taxonomy":"category","embeddable":true,"href":"https:\/\/linitiative.ca\/International\/wp-json\/wp\/v2\/categories?post=87172"},{"taxonomy":"post_tag","embeddable":true,"href":"https:\/\/linitiative.ca\/International\/wp-json\/wp\/v2\/tags?post=87172"}],"curies":[{"name":"wp","href":"https:\/\/api.w.org\/{rel}","templated":true}]}}