{"id":87173,"date":"2020-05-29T12:52:14","date_gmt":"2020-05-29T16:52:14","guid":{"rendered":"https:\/\/linitiative.ca\/International\/quatre-marocains-dans-les-commissions-du-cio\/"},"modified":"2020-05-29T12:52:14","modified_gmt":"2020-05-29T16:52:14","slug":"quatre-marocains-dans-les-commissions-du-cio","status":"publish","type":"post","link":"https:\/\/linitiative.ca\/International\/quatre-marocains-dans-les-commissions-du-cio\/","title":{"rendered":"Quatre Marocains dans les commissions du CIO"},"content":{"rendered":"<p class=\"has-text-color c2\"><em>Le Maroc sera repr\u00e9sent\u00e9 par quatre membres au sein des commissions du Comit\u00e9 international olympique (CIO) pour l\u2019ann\u00e9e 2020, a annonc\u00e9 jeudi l\u2019instance internationale.<\/em><\/p>\n<p>Ainsi la pr\u00e9sidente de F\u00e9d\u00e9ration royale marocaine de volley-ball, Bouchra Hajij, si\u00e9gera \u00e0 la commission Culture et patrimoine olympique, tandis que l\u2019ancien athl\u00e8te marocain Hicham El Guerrouj a \u00e9t\u00e9 d\u00e9sign\u00e9 membre de la commission Entourage des athl\u00e8tes, et le vice-pr\u00e9sident du Comit\u00e9 national olympique marocain, Kamal Lahou, sera membre de la commission Marketing, a indiqu\u00e9 le CIO sur son site internet.<\/p>\n<p>La composition des commissions du Comit\u00e9 international olympique pour 2020, qui est \u00e9tablie par le pr\u00e9sident du CIO en \u00e9troite collaboration avec la commission ex\u00e9cutive du CIO, comprend \u00e9galement la nomination de Nawal Moutawakel qui si\u00e9gera dans quatre commissions. Membre du Comit\u00e9 ex\u00e9cutif du CIO depuis 1997, la Marocaine a \u00e9t\u00e9 d\u00e9sign\u00e9e membre des commissions Affaires publiques et d\u00e9veloppement social par le sport, Communication, Coordination des 4\u00e8 Jeux Olympiques de la jeunesse Dakar 2022 et Coordination des Jeux de la XXXIV\u00e8 Olympiade de Los Angeles 2028, a fait savoir la m\u00eame source.<\/p>\n<p>La composition de ces commissions pour 2020 est marqu\u00e9e par une progression de la proportion des femmes dans ces commissions, a soulign\u00e9 la m\u00eame source, pr\u00e9cisant que 47,7 % des postes au sein des 30 commissions sont aujourd\u2019hui occup\u00e9s par des femmes, contre 45,4 % en 2019.<\/p>\n<p>Auteur: M&rsquo;hammed rahal<br \/>\n<a href=\"http:\/\/albayane.press.ma\/quatre-marocains-dans-les-commissions-du-cio.html\">Cliquez ici pour lire l&rsquo;article depuis sa source.<\/a><\/p>\n","protected":false},"excerpt":{"rendered":"<p>Le Maroc sera repr\u00e9sent\u00e9 par quatre membres au sein des commissions du Comit\u00e9 international olympique (CIO) pour l\u2019ann\u00e9e 2020, a annonc\u00e9 jeudi l\u2019instance internationale. Ainsi la pr\u00e9sidente de F\u00e9d\u00e9ration royale marocaine de volley-ball, Bouchra Hajij, si\u00e9gera \u00e0 la commission Culture et patrimoine olympique, tandis que l\u2019ancien athl\u00e8te marocain Hicham El Guerrouj a \u00e9t\u00e9 d\u00e9sign\u00e9 membre [&hellip;]<\/p>\n","protected":false},"author":1760,"featured_media":0,"comment_status":"closed","ping_status":"closed","sticky":false,"template":"","format":"standard","meta":{"fifu_image_url":"","fifu_image_alt":"","footnotes":""},"categories":[73,54],"tags":[],"class_list":["post-87173","post","type-post","status-publish","format-standard","hentry","category-actualite","category-maroc"],"_links":{"self":[{"href":"https:\/\/linitiative.ca\/International\/wp-json\/wp\/v2\/posts\/87173","targetHints":{"allow":["GET"]}}],"collection":[{"href":"https:\/\/linitiative.ca\/International\/wp-json\/wp\/v2\/posts"}],"about":[{"href":"https:\/\/linitiative.ca\/International\/wp-json\/wp\/v2\/types\/post"}],"author":[{"embeddable":true,"href":"https:\/\/linitiative.ca\/International\/wp-json\/wp\/v2\/users\/1760"}],"replies":[{"embeddable":true,"href":"https:\/\/linitiative.ca\/International\/wp-json\/wp\/v2\/comments?post=87173"}],"version-history":[{"count":0,"href":"https:\/\/linitiative.ca\/International\/wp-json\/wp\/v2\/posts\/87173\/revisions"}],"wp:attachment":[{"href":"https:\/\/linitiative.ca\/International\/wp-json\/wp\/v2\/media?parent=87173"}],"wp:term":[{"taxonomy":"category","embeddable":true,"href":"https:\/\/linitiative.ca\/International\/wp-json\/wp\/v2\/categories?post=87173"},{"taxonomy":"post_tag","embeddable":true,"href":"https:\/\/linitiative.ca\/International\/wp-json\/wp\/v2\/tags?post=87173"}],"curies":[{"name":"wp","href":"https:\/\/api.w.org\/{rel}","templated":true}]}}