{"id":87176,"date":"2020-05-29T12:48:00","date_gmt":"2020-05-29T16:48:00","guid":{"rendered":"https:\/\/linitiative.ca\/International\/lutte-contre-le-covid-19-a-oran-les-prix-des-masques-varient-entre-60-et-100-da-lunite\/"},"modified":"2020-05-29T12:48:00","modified_gmt":"2020-05-29T16:48:00","slug":"lutte-contre-le-covid-19-a-oran-les-prix-des-masques-varient-entre-60-et-100-da-lunite","status":"publish","type":"post","link":"https:\/\/linitiative.ca\/International\/lutte-contre-le-covid-19-a-oran-les-prix-des-masques-varient-entre-60-et-100-da-lunite\/","title":{"rendered":"<div>LUTTE CONTRE LE COVID-19 A ORAN : Les prix des masques varient entre 60 et 100 DA l&rsquo;unit\u00e9<\/div>"},"content":{"rendered":"<p><br id=\"sep_para_1\" class=\"sep_para access\"\/><\/p>\n<div id=\"para_1\" class=\"para_37206935 resize\">\n<div class=\"texte access firstletter\">Alors que le port du masque sanitaire est d\u00e9sormais obligatoire dans le cadre de nouvelles mesures visant \u00e0 enrayer la pand\u00e9mie de Covid-19, la disponibilit\u00e9 et le prix inqui\u00e8tent de plus en plus les citoyens., surtout avec la nouvelle proc\u00e9dure des amendes de 10.000 Da qui seront inflig\u00e9s \u00e0 toutes personnes survenu par les \u00e9l\u00e9ments des services s\u00e9curitaires sans masques seront sanctionn\u00e9s\u00a0 pour les d\u00e9lits de non respect aux mesures pr\u00e9ventives du COVID19. Toujours est-il que\u00a0 le prix des masques a \u00e9t\u00e9 plafonn\u00e9 \u00e0 40 DA, malheureusement\u00a0 ce dernier se vend \u00e0 plus de 80 DA chez les pharmaciens \u00e0 Oran. Mais ces derniers s\u2019en lavent les mains, puisque selon le Syndicat national des pharmaciens d\u2019officine (Snapo) cette hausse des prix ne vient pas d\u2019eux. \u00ab J\u2019ai d\u00e9cid\u00e9 de ne pas vendre les masques car son prix a augment\u00e9 d\u00e9passant 80 Da l\u2019unit\u00e9. Alors que son prix a \u00e9t\u00e9 plafonn\u00e9 \u00e0 40 DA, ce sont les grossistes qui ont augment\u00e9 les prix entre 60 et 70 DA l\u2019unit\u00e9 \u00bb, t\u00e9moigne un adh\u00e9rent du Snapo. Donc a en croire ce dernier, le probl\u00e8me des prix r\u00e9sident chez les grossistes qui ont augment\u00e9 les prix. A cet effet le pr\u00e9sident de l\u2019Organisation alg\u00e9rienne de protection et d\u2019orientation du consommateur et son environnement (Apoce), Mustapha Zebdi a indiqu\u00e9 ce dimanche que le prix r\u00e9el du masque de protection ne doit pas d\u00e9passer les 15 DA.Dans une d\u00e9claration \u00e0 la Radio nationale, le pr\u00e9sident de l\u2019APOCE estime que le port du masque de protection est une obligation compte tenu de l\u2019\u00e9volution de l\u2019\u00e9pid\u00e9mie du coronavirus dans le pays. Cependant, \u00ab le prix du masque ne doit pas d\u00e9passer les 15 DA \u00bb, souligne-t-il. Zebdi a insist\u00e9 sur la n\u00e9cessit\u00e9 d\u2019organiser les comportements du consommateur en ce temps de crise sanitaire que traverse le pays. Il ajoute dans ce sens que l\u2019engagement du citoyen au respect des mesures est un devoir national. Rappelons que le prix du masque de protection a \u00e9t\u00e9 plafonn\u00e9 en Alg\u00e9rie, par le minist\u00e8re de la Sant\u00e9, \u00e0 40 DA l\u2019unit\u00e9.<\/div>\n<\/div>\n<p>Auteur: Medjadji H.<br \/>\n<a href=\"https:\/\/www.reflexiondz.net\/LUTTE-CONTRE-LE-COVID-19-A-ORAN-Les-prix-des-masques-varient-entre-60-et-100-DA-l-unite_a62988.html\">Cliquez ici pour lire l&rsquo;article depuis sa source.<\/a><\/p>\n","protected":false},"excerpt":{"rendered":"<p>Alors que le port du masque sanitaire est d\u00e9sormais obligatoire dans le cadre de nouvelles mesures visant \u00e0 enrayer la pand\u00e9mie de Covid-19, la disponibilit\u00e9 et le prix inqui\u00e8tent de plus en plus les citoyens., surtout avec la nouvelle proc\u00e9dure des amendes de 10.000 Da qui seront inflig\u00e9s \u00e0 toutes personnes survenu par les \u00e9l\u00e9ments [&hellip;]<\/p>\n","protected":false},"author":1740,"featured_media":0,"comment_status":"closed","ping_status":"closed","sticky":false,"template":"","format":"standard","meta":{"fifu_image_url":"","fifu_image_alt":"","footnotes":""},"categories":[53,76],"tags":[],"class_list":["post-87176","post","type-post","status-publish","format-standard","hentry","category-algerie","category-regions"],"_links":{"self":[{"href":"https:\/\/linitiative.ca\/International\/wp-json\/wp\/v2\/posts\/87176","targetHints":{"allow":["GET"]}}],"collection":[{"href":"https:\/\/linitiative.ca\/International\/wp-json\/wp\/v2\/posts"}],"about":[{"href":"https:\/\/linitiative.ca\/International\/wp-json\/wp\/v2\/types\/post"}],"author":[{"embeddable":true,"href":"https:\/\/linitiative.ca\/International\/wp-json\/wp\/v2\/users\/1740"}],"replies":[{"embeddable":true,"href":"https:\/\/linitiative.ca\/International\/wp-json\/wp\/v2\/comments?post=87176"}],"version-history":[{"count":0,"href":"https:\/\/linitiative.ca\/International\/wp-json\/wp\/v2\/posts\/87176\/revisions"}],"wp:attachment":[{"href":"https:\/\/linitiative.ca\/International\/wp-json\/wp\/v2\/media?parent=87176"}],"wp:term":[{"taxonomy":"category","embeddable":true,"href":"https:\/\/linitiative.ca\/International\/wp-json\/wp\/v2\/categories?post=87176"},{"taxonomy":"post_tag","embeddable":true,"href":"https:\/\/linitiative.ca\/International\/wp-json\/wp\/v2\/tags?post=87176"}],"curies":[{"name":"wp","href":"https:\/\/api.w.org\/{rel}","templated":true}]}}