{"id":87179,"date":"2020-05-29T13:03:32","date_gmt":"2020-05-29T17:03:32","guid":{"rendered":"https:\/\/linitiative.ca\/International\/divers-coronavirus-nouveau-bilan-137-cas-confirmes-8-deces-et-145-gueris\/"},"modified":"2020-05-29T13:03:32","modified_gmt":"2020-05-29T17:03:32","slug":"divers-coronavirus-nouveau-bilan-137-cas-confirmes-8-deces-et-145-gueris","status":"publish","type":"post","link":"https:\/\/linitiative.ca\/International\/divers-coronavirus-nouveau-bilan-137-cas-confirmes-8-deces-et-145-gueris\/","title":{"rendered":"Divers : Coronavirus &#8211; Nouveau bilan: 137 cas confirm\u00e9s, 8 d\u00e9c\u00e8s et 145 gu\u00e9ris"},"content":{"rendered":"<div readability=\"32\">\n<p>Auteur : <span class=\"time\">vendredi 29 mai 2020 17:22<\/span><\/p>\n<\/div>\n<div id=\"post_core\" readability=\"40\">\n<p>Cent-trente-sept (137) nouveaux cas confirm\u00e9s de coronavirus (Covid-19) et huit nouveaux d\u00e9c\u00e8s ont \u00e9t\u00e9 enregistr\u00e9s en Alg\u00e9rie lors des derni\u00e8res 24 heures, portant ainsi le nombre de cas confirm\u00e9s \u00e0\u00a09134\u00a0et celui des d\u00e9c\u00e8s \u00e0 638, a indiqu\u00e9 vendredi le porte-parole du Comit\u00e9 scientifique de suivi de l&rsquo;\u00e9volution de la pand\u00e9mie du Coronavirus, Djamel Fourar.\u00a0<\/p>\n<p><strong>Publi\u00e9 dans :<\/strong> <span>Coronavirus<\/span><\/p>\n<\/div>\n<p>Auteur:<br \/>\n<a href=\"http:\/\/www.lebuteur.com\/article\/detail?titre=coronavirus-nouveau-bilan-137-cas-confirmes-8-deces-et-145-gueris&#038;id=96091&#038;utm_source=feedburner&#038;utm_medium=feed&#038;utm_campaign=Feed%3A+GalerieFArtciles+%28Les+derniers+articles++-+lebuteur.com%29\">Cliquez ici pour lire l&rsquo;article depuis sa source.<\/a><\/p>\n","protected":false},"excerpt":{"rendered":"<p>Auteur : vendredi 29 mai 2020 17:22 Cent-trente-sept (137) nouveaux cas confirm\u00e9s de coronavirus (Covid-19) et huit nouveaux d\u00e9c\u00e8s ont \u00e9t\u00e9 enregistr\u00e9s en Alg\u00e9rie lors des derni\u00e8res 24 heures, portant ainsi le nombre de cas confirm\u00e9s \u00e0\u00a09134\u00a0et celui des d\u00e9c\u00e8s \u00e0 638, a indiqu\u00e9 vendredi le porte-parole du Comit\u00e9 scientifique de suivi de l&rsquo;\u00e9volution de [&hellip;]<\/p>\n","protected":false},"author":1738,"featured_media":87185,"comment_status":"closed","ping_status":"closed","sticky":false,"template":"","format":"standard","meta":{"fifu_image_url":"","fifu_image_alt":"","footnotes":""},"categories":[53,75],"tags":[],"class_list":["post-87179","post","type-post","status-publish","format-standard","has-post-thumbnail","hentry","category-algerie","category-sport"],"_links":{"self":[{"href":"https:\/\/linitiative.ca\/International\/wp-json\/wp\/v2\/posts\/87179","targetHints":{"allow":["GET"]}}],"collection":[{"href":"https:\/\/linitiative.ca\/International\/wp-json\/wp\/v2\/posts"}],"about":[{"href":"https:\/\/linitiative.ca\/International\/wp-json\/wp\/v2\/types\/post"}],"author":[{"embeddable":true,"href":"https:\/\/linitiative.ca\/International\/wp-json\/wp\/v2\/users\/1738"}],"replies":[{"embeddable":true,"href":"https:\/\/linitiative.ca\/International\/wp-json\/wp\/v2\/comments?post=87179"}],"version-history":[{"count":0,"href":"https:\/\/linitiative.ca\/International\/wp-json\/wp\/v2\/posts\/87179\/revisions"}],"wp:featuredmedia":[{"embeddable":true,"href":"https:\/\/linitiative.ca\/International\/wp-json\/"}],"wp:attachment":[{"href":"https:\/\/linitiative.ca\/International\/wp-json\/wp\/v2\/media?parent=87179"}],"wp:term":[{"taxonomy":"category","embeddable":true,"href":"https:\/\/linitiative.ca\/International\/wp-json\/wp\/v2\/categories?post=87179"},{"taxonomy":"post_tag","embeddable":true,"href":"https:\/\/linitiative.ca\/International\/wp-json\/wp\/v2\/tags?post=87179"}],"curies":[{"name":"wp","href":"https:\/\/api.w.org\/{rel}","templated":true}]}}