{"id":87180,"date":"2020-05-29T11:01:18","date_gmt":"2020-05-29T15:01:18","guid":{"rendered":"https:\/\/linitiative.ca\/International\/la-prison-rouge-de-ferdjioua-mila-temoin-de-la-barbarie-de-la-france-coloniale\/"},"modified":"2020-05-29T11:01:18","modified_gmt":"2020-05-29T15:01:18","slug":"la-prison-rouge-de-ferdjioua-mila-temoin-de-la-barbarie-de-la-france-coloniale","status":"publish","type":"post","link":"https:\/\/linitiative.ca\/International\/la-prison-rouge-de-ferdjioua-mila-temoin-de-la-barbarie-de-la-france-coloniale\/","title":{"rendered":"La prison rouge de Ferdjioua (Mila), t\u00e9moin de la barbarie de la France coloniale"},"content":{"rendered":"<div readability=\"35\">\n<p><strong>MILA &#8211; La prison rouge de la ville de Ferdjioua (Ouest de Mila) demeure un t\u00e9moin de la politique de torture syst\u00e9matique contre les Alg\u00e9riens et de la barbarie du colonialisme fran\u00e7ais, dont l&rsquo;Histoire continue de r\u00e9v\u00e9ler au grand jour.<\/strong><\/p>\n<\/div>\n<div readability=\"110.87163232964\">\n<p>Les rescap\u00e9s de ce sinistre de lieu sont marqu\u00e9s dans leur chair et leur \u00e2me par les infamies perp\u00e9tr\u00e9es par les bourreaux de la France coloniale, et les murs des cellules de la prison semblent encore renvoyer de lointains \u00e9chos des cris des tortur\u00e9s.<\/p>\n<p>Le moudjahid Brahim Rasla\u00efne, \u00e2g\u00e9 de 85 ans et originaire de r\u00e9gion d\u2019Ain el Baida Ahriche (Ouest de Mila), fait partie de ces rescap\u00e9s.<\/p>\n<p>Responsable \u00e0 l&rsquo;\u00e9poque de la Nahia-3 de la zone-1 de la wilaya historique-2, il se rappelle : \u00ab\u00a0Quiconque est transf\u00e9r\u00e9 vers la prison rouge est perdu\u00a0\u00bb.<\/p>\n<hr\/>\n<h3>Lire aussi:\u00a0<a href=\"http:\/\/www.aps.dz\/regions\/105428-les-76-centres-de-torture-de-mascara-temoins-de-la-politique-inhumaine-du-colonialisme-francais\" target=\"_blank\" rel=\"noopener noreferrer\">Les 76 centres de torture de Mascara: t\u00e9moins de la politique inhumaine du colonialisme fran\u00e7ais<\/a><\/h3>\n<hr\/>\n<p>Le Moudjahid fut arr\u00eat\u00e9 vers la fin de la r\u00e9volution \u00e0 la suite d&rsquo;un accrochage avec l&rsquo;ennemi \u00e0 Reba\u00e2 pr\u00e8s de Ferdjioua, durant lequel il perd connaissance apr\u00e8s avoir \u00e9t\u00e9 gri\u00e8vement touch\u00e9 \u00e0 l&rsquo;\u00e9paule. \u00ab\u00a0A mon r\u00e9veil, je me suis retrouv\u00e9 \u00e0 la prison rouge. J&rsquo;ai pass\u00e9 deux mois dans une cellule obscure et \u00e9troite avant d&rsquo;\u00eatre transf\u00e9r\u00e9 vers d&rsquo;autres prisons puis rel\u00e2ch\u00e9 quelques jours avant l&rsquo;Ind\u00e9pendance\u00a0\u00bb.<\/p>\n<blockquote readability=\"10\">\n<p><em><strong>\u00ab\u00a0Mes bourreaux ont choisi de me torturer en laissant mes blessures sans soins. Je ne pensais pas sortir en vie de cet enfer\u00a0\u00bb, a ajout\u00e9 Brahim Raslaine, poursuivant douloureusement que \u00ab\u00a0le plus p\u00e9nible \u00e9tait d&rsquo;entendre les cris incessants des autres d\u00e9tenus tortur\u00e9s guettant la mort \u00e0 tout moment\u00a0\u00bb.<\/strong><\/em><\/p>\n<\/blockquote>\n<p>\u00ab\u00a0Les craintes \u00e9taient accentu\u00e9es par les g\u00e9missements \u00e9mis par les prisonniers tortur\u00e9s pendant leurs interrogatoires et les cris d&rsquo;Allah Akbar lanc\u00e9s par ceux qui allaient \u00eatre ex\u00e9cut\u00e9s souvent en les jetant vivants par-dessus Kef Zouabek pr\u00e8s d&rsquo;El Ayadhi Barb\u00e8s \u00e0 quelques kilom\u00e8tres de Ferdjioua\u00a0\u00bb, a-t-il d\u00e9clar\u00e9.<\/p>\n<p>Parmi les m\u00e9thodes abominables de torture pratiqu\u00e9es dans cette prison, le moudjahid Brahim cite la g\u00e9g\u00e8ne, qui consiste \u00e0 \u00e9lectrocuter les parties les plus sensibles du corps, l&rsquo;asphyxie en plongeant la t\u00eate du d\u00e9tenu dans de l&rsquo;eau ou encore celle durant laquelle les d\u00e9tenus sont forc\u00e9s de casser des pierres puis de ramper par dessus.<\/p>\n<p class=\"c30\"><strong>La prison rouge&#8230;une \u00e9cole des techniques de torture<\/strong><\/p>\n<p>Mohamed Boussebta, enseignant d&rsquo;histoire \u00e0 l&rsquo;universit\u00e9 Abdelhafid Boussouf de Mila, explique de son c\u00f4t\u00e9, que la prison rouge \u00e9tait \u00ab\u00a0une \u00e9cole des techniques de torture\u00a0\u00bb, qui refl\u00e9tait les crimes contre l&rsquo;humanit\u00e9 commis \u00e0 l&rsquo;\u00e9cart des regards de l&rsquo;opinion internationale par la France coloniale contre ceux qui se sont r\u00e9volt\u00e9s contre sa tyrannie.<\/p>\n<p>Les atrocit\u00e9s qui y ont \u00e9t\u00e9 perp\u00e9tr\u00e9es t\u00e9moignent aux g\u00e9n\u00e9rations de la politique de torture syst\u00e9matique adopt\u00e9e par la France coloniale contre les Alg\u00e9riens, a soulign\u00e9 l&rsquo;universitaire.<\/p>\n<blockquote readability=\"9\">\n<p><em><strong>Selon l&rsquo;historien, qui a consacr\u00e9 une de ses recherches \u00e0 cette prison et dont le p\u00e8re y a \u00e9t\u00e9 d\u00e9tenu en 1958, \u00ab\u00a0peu ont quitt\u00e9 en vie la prison rouge et la plupart des rescap\u00e9s conservent des s\u00e9quelles de leur s\u00e9jour dans ce triste lieu\u00a0\u00bb.<\/strong><\/em><\/p>\n<\/blockquote>\n<hr\/>\n<h3>Lire aussi:\u00a0<a href=\"http:\/\/www.aps.dz\/regions\/105425-relizane-le-camp-de-ammi-moussa-haut-lieu-de-torture-de-l-armee-francaise\" target=\"_blank\" rel=\"noopener noreferrer\">Relizane : le camp de Ammi Moussa&#8230;haut lieu de torture de l&rsquo;arm\u00e9e fran\u00e7aise<\/a><\/h3>\n<hr\/>\n<p>Les d\u00e9tenus \u00e9taient suspendus en l&rsquo;air par les pieds puis frapp\u00e9s et br\u00fbl\u00e9s, leurs dents \u00e9taient arrach\u00e9es en plus de leur privation de nourriture et de sommeil durant de nombreux jours. Les d\u00e9tenus rel\u00e2ch\u00e9s \u00e9taient oblig\u00e9s \u00e0 exiler pour pr\u00e9server leurs vies laissant derri\u00e8re eux leur famille comme ce fut le cas pour le p\u00e8re de l&rsquo;universitaire, poursuit ce dernier.<\/p>\n<p>Pour sa part, le directeur de wilaya des Moudjahidine, Karim Ghodbane, a consid\u00e9r\u00e9 que la prison rouge, qui tire son nom de la couleur de la pierre et de la terre avec lesquelles elle a \u00e9t\u00e9 construite, \u00e9tait \u00a0\u00bbun \u00e9tablissement de r\u00e9pression de la population de la r\u00e9gion de Ferdjioua et ses environs\u00a0\u00bb.<\/p>\n<blockquote readability=\"13\">\n<p><em><strong>Construit en 1955, l&rsquo;\u00e9tablissement p\u00e9nitentiaire est l&rsquo;un des plus grands de la Nahia historique-3. Outre le pavillon de l&rsquo;administration, il comptait 29 cellules individuelles et collectives, dont deux pour les d\u00e9tenues femmes, une salle d&rsquo;interrogatoires et trois autres cellules pour les condamn\u00e9s \u00e0 mort, a ajout\u00e9 le responsable.<\/strong><\/em><\/p>\n<\/blockquote>\n<p>Selon les t\u00e9moignages d&rsquo;anciens d\u00e9tenus consign\u00e9s dans le guide historique de la wilaya de Mila durant la R\u00e9volution lib\u00e9ratrice, tous les d\u00e9tenus devaient \u00eatre interrog\u00e9s sous d&rsquo;horribles tortures avant d&rsquo;\u00eatre ensuite lib\u00e9r\u00e9s, transf\u00e9r\u00e9s vers d&rsquo;autres prisons ou dirig\u00e9s vers les cellules des condamn\u00e9s \u00e0 mort.<\/p>\n<\/div>\n<p>Auteur:<br \/>\n<a href=\"http:\/\/www.aps.dz\/regions\/105553-la-prison-rouge-de-ferdjioua-mila-temoin-de-la-barbarie-de-la-france-coloniale\">Cliquez ici pour lire l&rsquo;article depuis sa source.<\/a><\/p>\n","protected":false},"excerpt":{"rendered":"<p>MILA &#8211; La prison rouge de la ville de Ferdjioua (Ouest de Mila) demeure un t\u00e9moin de la politique de torture syst\u00e9matique contre les Alg\u00e9riens et de la barbarie du colonialisme fran\u00e7ais, dont l&rsquo;Histoire continue de r\u00e9v\u00e9ler au grand jour. Les rescap\u00e9s de ce sinistre de lieu sont marqu\u00e9s dans leur chair et leur \u00e2me [&hellip;]<\/p>\n","protected":false},"author":1790,"featured_media":0,"comment_status":"closed","ping_status":"closed","sticky":false,"template":"","format":"standard","meta":{"fifu_image_url":"","fifu_image_alt":"","footnotes":""},"categories":[53,76],"tags":[],"class_list":["post-87180","post","type-post","status-publish","format-standard","hentry","category-algerie","category-regions"],"_links":{"self":[{"href":"https:\/\/linitiative.ca\/International\/wp-json\/wp\/v2\/posts\/87180","targetHints":{"allow":["GET"]}}],"collection":[{"href":"https:\/\/linitiative.ca\/International\/wp-json\/wp\/v2\/posts"}],"about":[{"href":"https:\/\/linitiative.ca\/International\/wp-json\/wp\/v2\/types\/post"}],"author":[{"embeddable":true,"href":"https:\/\/linitiative.ca\/International\/wp-json\/wp\/v2\/users\/1790"}],"replies":[{"embeddable":true,"href":"https:\/\/linitiative.ca\/International\/wp-json\/wp\/v2\/comments?post=87180"}],"version-history":[{"count":0,"href":"https:\/\/linitiative.ca\/International\/wp-json\/wp\/v2\/posts\/87180\/revisions"}],"wp:attachment":[{"href":"https:\/\/linitiative.ca\/International\/wp-json\/wp\/v2\/media?parent=87180"}],"wp:term":[{"taxonomy":"category","embeddable":true,"href":"https:\/\/linitiative.ca\/International\/wp-json\/wp\/v2\/categories?post=87180"},{"taxonomy":"post_tag","embeddable":true,"href":"https:\/\/linitiative.ca\/International\/wp-json\/wp\/v2\/tags?post=87180"}],"curies":[{"name":"wp","href":"https:\/\/api.w.org\/{rel}","templated":true}]}}