{"id":87182,"date":"2020-05-29T12:55:08","date_gmt":"2020-05-29T16:55:08","guid":{"rendered":"https:\/\/linitiative.ca\/International\/%ef%bb%bfvahid-fait-le-forcing-pour-convaincre-deux-joueurs\/"},"modified":"2020-05-29T12:55:08","modified_gmt":"2020-05-29T16:55:08","slug":"%ef%bb%bfvahid-fait-le-forcing-pour-convaincre-deux-joueurs","status":"publish","type":"post","link":"https:\/\/linitiative.ca\/International\/%ef%bb%bfvahid-fait-le-forcing-pour-convaincre-deux-joueurs\/","title":{"rendered":"\ufeffVahid fait le forcing pour convaincre deux joueurs"},"content":{"rendered":"<p class=\"has-text-color has-vivid-red-color c2\"><strong>Lions de l\u2019Atlas<\/strong><\/p>\n<p class=\"c3\"><strong>Oussama Zidouhia<\/strong><\/p>\n<p class=\"has-text-color c4\"><strong>Le s\u00e9lectionneur du Maroc, Vahid Halilhodzic, a lanc\u00e9 un ultimatum \u00e0 deux joueurs pour qu\u2019ils puissent se d\u00e9cider.<\/strong><\/p>\n<p>En attendant de conna\u00eetre le sort des qualifications pour la CAN, Vahid s\u2019active pour faire venir de nouveaux joueurs pour renforcer le secteur offensif des Lions de l\u2019Atlas. Le tacticien Serbe aurait exig\u00e9 une r\u00e9ponse ferme et d\u00e9finitive \u00e0 l\u2019ailier du Real Madrid, Brahim Abdelkader Diaz, mais aussi au milieu n\u00eemois Yassine Benrahou.<\/p>\n<p>Le premier a pour objectif de jouer avec la Roja. Ayant d\u00e9j\u00e0 refus\u00e9 l\u2019appel du Maroc auparavant, le natif de Malaga, longtemps annonc\u00e9 comme un crack lors de son recrutement en provenance de Manchester City, n\u2019a pas eu le rendement souhait\u00e9 avec la Casa Blanca, totalisant seulement 7 apparitions cette saison (1 but et 1 passe d\u00e9cisive).<\/p>\n<p>Selon les derni\u00e8res informations du quotidien espagnol AS, Brahim Diaz, face aux pressions de la FRMF, aurait finalement opt\u00e9 pour la s\u00e9lection espagnole.<\/p>\n<p>Concernant Yassine Benrahou, le milieu offensif de N\u00eemes joue la carte du temps, en attendant de voir si la s\u00e9lection fran\u00e7aise fera appel \u00e0 lui. Une attitude que Vahid n\u2019a pas du tout appr\u00e9ci\u00e9e.<\/p>\n<p>Form\u00e9 aux Girondins de Bordeaux, Benrahou, \u00e2g\u00e9 de 21 ans, avait d\u00e9clar\u00e9 lors d\u2019un live sur les r\u00e9seaux sociaux\u00a0: \u00abJe n\u2019ai pas encore d\u00e9cid\u00e9. Pour l\u2019instant j\u2019ai \u00e9t\u00e9 appel\u00e9 dans la pr\u00e9-liste. Le jour o\u00f9 je serais appel\u00e9 dans l\u2019\u00e9quipe premi\u00e8re d\u00e9finitivement, on d\u00e9cidera. Pour l\u2019instant, le plus important c\u2019est le club. Il faut pr\u00e9parer la saison prochaine, il y a beaucoup de choses encore. En tout cas, c\u2019est un honneur et une fiert\u00e9\u00bb.<\/p>\n<p>Pour rappel, Benrahou a d\u00e9j\u00e0 \u00e9volu\u00e9 avec les U18 et les U20 du Maroc.<\/p>\n<p>Auteur: M&rsquo;hammed rahal<br \/>\n<a href=\"http:\/\/albayane.press.ma\/%EF%BB%BFvahid-fait-le-forcing-pour-convaincre-deux-joueurs.html\">Cliquez ici pour lire l&rsquo;article depuis sa source.<\/a><\/p>\n","protected":false},"excerpt":{"rendered":"<p>Lions de l\u2019Atlas Oussama Zidouhia Le s\u00e9lectionneur du Maroc, Vahid Halilhodzic, a lanc\u00e9 un ultimatum \u00e0 deux joueurs pour qu\u2019ils puissent se d\u00e9cider. En attendant de conna\u00eetre le sort des qualifications pour la CAN, Vahid s\u2019active pour faire venir de nouveaux joueurs pour renforcer le secteur offensif des Lions de l\u2019Atlas. Le tacticien Serbe aurait [&hellip;]<\/p>\n","protected":false},"author":1760,"featured_media":0,"comment_status":"closed","ping_status":"closed","sticky":false,"template":"","format":"standard","meta":{"fifu_image_url":"","fifu_image_alt":"","footnotes":""},"categories":[73,54],"tags":[],"class_list":["post-87182","post","type-post","status-publish","format-standard","hentry","category-actualite","category-maroc"],"_links":{"self":[{"href":"https:\/\/linitiative.ca\/International\/wp-json\/wp\/v2\/posts\/87182","targetHints":{"allow":["GET"]}}],"collection":[{"href":"https:\/\/linitiative.ca\/International\/wp-json\/wp\/v2\/posts"}],"about":[{"href":"https:\/\/linitiative.ca\/International\/wp-json\/wp\/v2\/types\/post"}],"author":[{"embeddable":true,"href":"https:\/\/linitiative.ca\/International\/wp-json\/wp\/v2\/users\/1760"}],"replies":[{"embeddable":true,"href":"https:\/\/linitiative.ca\/International\/wp-json\/wp\/v2\/comments?post=87182"}],"version-history":[{"count":0,"href":"https:\/\/linitiative.ca\/International\/wp-json\/wp\/v2\/posts\/87182\/revisions"}],"wp:attachment":[{"href":"https:\/\/linitiative.ca\/International\/wp-json\/wp\/v2\/media?parent=87182"}],"wp:term":[{"taxonomy":"category","embeddable":true,"href":"https:\/\/linitiative.ca\/International\/wp-json\/wp\/v2\/categories?post=87182"},{"taxonomy":"post_tag","embeddable":true,"href":"https:\/\/linitiative.ca\/International\/wp-json\/wp\/v2\/tags?post=87182"}],"curies":[{"name":"wp","href":"https:\/\/api.w.org\/{rel}","templated":true}]}}