{"id":87183,"date":"2020-05-29T11:15:16","date_gmt":"2020-05-29T15:15:16","guid":{"rendered":"https:\/\/linitiative.ca\/International\/105554-covid19-championnat-d-algerie-medouar-sceptique-sur-une-eventuelle-reprise\/"},"modified":"2020-05-29T11:15:16","modified_gmt":"2020-05-29T15:15:16","slug":"105554-covid19-championnat-d-algerie-medouar-sceptique-sur-une-eventuelle-reprise","status":"publish","type":"post","link":"https:\/\/linitiative.ca\/International\/105554-covid19-championnat-d-algerie-medouar-sceptique-sur-une-eventuelle-reprise\/","title":{"rendered":"<div>Covid19-Championnat d&rsquo;Alg\u00e9rie: Medouar sceptique sur une \u00e9ventuelle reprise<\/div>"},"content":{"rendered":"<div readability=\"36\">\n<p><strong>ALGER &#8211; Le pr\u00e9sident de la Ligue de football professionnel (LFP) Abdelkrim Medouar, s\u2019est montr\u00e9 vendredi sceptique quant \u00e0 une \u00e9ventuelle reprise de la Ligue 1, suspendue depuis mi-mars en raison de la pand\u00e9mie du nouveau coronavirus (Covid-19).<\/strong><\/p>\n<\/div>\n<div readability=\"79.136824936571\">\n<p>\u00ab\u00a0Personnellement, je pense que nous ne pouvons pas reprendre la comp\u00e9tition. Il sera tr\u00e8s difficile aux clubs de respecter les mesures de pr\u00e9vention et le protocole sanitaire. Nous n&rsquo;avons pas les moyens des pays europ\u00e9ens pour rejouer au football, des centaines de millions d&rsquo;euros ont \u00e9t\u00e9 d\u00e9bours\u00e9s en Europe pour reprendre. La sant\u00e9 du citoyen doit primer avant toute autre chose\u00a0\u00bb, a-t-il indiqu\u00e9.<\/p>\n<p>Pour discuter d&rsquo;une \u00e9ventuelle reprise du championnat, suspendu depuis mi-mars, une r\u00e9union s&rsquo;est tenue il y&rsquo;a quelques semaines au si\u00e8ge du minist\u00e8re de la Jeunesse et des Sport (MJS), en pr\u00e9sence d\u2019un repr\u00e9sentant de la FAF, et du pr\u00e9sident de la Ligue de football professionnel (LPF) Abdelkrim Medouar, ainsi que d\u2019un repr\u00e9sentant du Centre national de la m\u00e9decine du Sport (CNMS). Aucune d\u00e9cision n\u2019a \u00e9t\u00e9 prise sur un possible reprise du championnat. Tous les intervenants \u00e9taient unanimes \u00e0 dire que tout sera tir\u00e9 au clair apr\u00e8s le d\u00e9confinement.<\/p>\n<p>En raison de la crise sanitaire qui pr\u00e9vaut depuis mars dernier, le gouvernement a prolong\u00e9 jeudi le confinement jusqu\u2019au 13 juin prochain.<\/p>\n<blockquote readability=\"12\">\n<p><em><strong>\u00ab\u00a0Comme je l\u2019ai d\u00e9j\u00e0 indiqu\u00e9 auparavant, la d\u00e9cision de reprendre ou non rel\u00e8ve exclusivement des autorit\u00e9s repr\u00e9sent\u00e9es, essentiellement par le MJS et le minist\u00e8re de la sant\u00e9. Nous ne devons n\u00e9gliger aucun d\u00e9tail dans ce genre d\u2019affaire sensible, le football n\u2019est qu\u2019un sport\u00a0\u00bb, a-t-il ajout\u00e9 sur les ondes de la radio nationale.<\/strong><\/em><\/p>\n<\/blockquote>\n<hr\/>\n<h3>Lire aussi:\u00a0<a href=\"http:\/\/www.aps.dz\/sport\/104890-foot-reprise-du-championnat-tout-sera-tire-au-clair-apres-le-deconfinement\" target=\"_blank\" rel=\"noopener noreferrer\">Foot-reprise du championnat: \u00ab\u00a0tout sera tir\u00e9 au clair apr\u00e8s le d\u00e9confinement\u00a0\u00bb<\/a><\/h3>\n<hr\/>\n<p>Avant d\u2019encha\u00eener: \u00ab\u00a0Si le confinement est lev\u00e9 apr\u00e8s le 13 juin, il sera possible d\u2019\u00e9voquer les prochaines \u00e9tapes, mais actuellement ce n\u2019est pas le cas\u00a0\u00bb, a-t-il conclu.<\/p>\n<p>La sortie m\u00e9diatique du patron de la LFP intervient une semaine apr\u00e8s celle du pr\u00e9sident de la commission m\u00e9dicale de la F\u00e9d\u00e9ration alg\u00e9rienne de football (FAF) Djamel Eddine Damerdji, qui s\u2019est \u00e9galement montr\u00e9 sceptique sur une reprise.<\/p>\n<blockquote readability=\"13\">\n<p><em><strong>\u00ab\u00a0Il est quasiment impossible de reprendre l\u2019entra\u00eenement par petits groupes en ce moment, alors que la comp\u00e9tition d\u00e9pend essentiellement de la lev\u00e9e du confinement, ce qui n\u2019est pas le cas actuellement. Autre chose tr\u00e8s importante, l\u2019\u00e9pid\u00e9mie du virus doit dispara\u00eetre ou bien diminuer sensiblement, ce qui est difficile et n\u00e9cessite un grand travail \u00ab\u00a0, a-t-il indiqu\u00e9.<\/strong><\/em><\/p>\n<\/blockquote>\n<p>Avant la suspension du championnat de Ligue 1, le CR Belouizdad occupait la t\u00eate du classement avec 40 points, \u00e0 trois longueurs de ses deux poursuivants directs l\u2019ES S\u00e9tif et le MC Alger. Le Chabab et le \u00ab\u00a0Doyen\u00a0\u00bb comptent un match en moins. En Ligue 2, l\u2019Olympique M\u00e9d\u00e9a domine la comp\u00e9tition avec 42 points, \u00e0 deux unit\u00e9s de son dauphin la JSM Skikda.<\/p>\n<\/div>\n<p>Auteur:<br \/>\n<a href=\"http:\/\/www.aps.dz\/sport\/105554-covid19-championnat-d-algerie-medouar-sceptique-sur-une-eventuelle-reprise?utm_source=feedburner&#038;utm_medium=feed&#038;utm_campaign=Feed%3A+aps-sport+%28APS+-+SPORT%29\">Cliquez ici pour lire l&rsquo;article depuis sa source.<\/a><\/p>\n","protected":false},"excerpt":{"rendered":"<p>ALGER &#8211; Le pr\u00e9sident de la Ligue de football professionnel (LFP) Abdelkrim Medouar, s\u2019est montr\u00e9 vendredi sceptique quant \u00e0 une \u00e9ventuelle reprise de la Ligue 1, suspendue depuis mi-mars en raison de la pand\u00e9mie du nouveau coronavirus (Covid-19). \u00ab\u00a0Personnellement, je pense que nous ne pouvons pas reprendre la comp\u00e9tition. Il sera tr\u00e8s difficile aux clubs [&hellip;]<\/p>\n","protected":false},"author":1790,"featured_media":0,"comment_status":"closed","ping_status":"closed","sticky":false,"template":"","format":"standard","meta":{"fifu_image_url":"","fifu_image_alt":"","footnotes":""},"categories":[53,75],"tags":[],"class_list":["post-87183","post","type-post","status-publish","format-standard","hentry","category-algerie","category-sport"],"_links":{"self":[{"href":"https:\/\/linitiative.ca\/International\/wp-json\/wp\/v2\/posts\/87183","targetHints":{"allow":["GET"]}}],"collection":[{"href":"https:\/\/linitiative.ca\/International\/wp-json\/wp\/v2\/posts"}],"about":[{"href":"https:\/\/linitiative.ca\/International\/wp-json\/wp\/v2\/types\/post"}],"author":[{"embeddable":true,"href":"https:\/\/linitiative.ca\/International\/wp-json\/wp\/v2\/users\/1790"}],"replies":[{"embeddable":true,"href":"https:\/\/linitiative.ca\/International\/wp-json\/wp\/v2\/comments?post=87183"}],"version-history":[{"count":0,"href":"https:\/\/linitiative.ca\/International\/wp-json\/wp\/v2\/posts\/87183\/revisions"}],"wp:attachment":[{"href":"https:\/\/linitiative.ca\/International\/wp-json\/wp\/v2\/media?parent=87183"}],"wp:term":[{"taxonomy":"category","embeddable":true,"href":"https:\/\/linitiative.ca\/International\/wp-json\/wp\/v2\/categories?post=87183"},{"taxonomy":"post_tag","embeddable":true,"href":"https:\/\/linitiative.ca\/International\/wp-json\/wp\/v2\/tags?post=87183"}],"curies":[{"name":"wp","href":"https:\/\/api.w.org\/{rel}","templated":true}]}}