{"id":87186,"date":"2020-05-29T12:48:00","date_gmt":"2020-05-29T16:48:00","guid":{"rendered":"https:\/\/linitiative.ca\/International\/mesures-contre-le-covid-19-a-tiaret-la-police-salue-la-comprehension-des-citoyens\/"},"modified":"2020-05-29T12:48:00","modified_gmt":"2020-05-29T16:48:00","slug":"mesures-contre-le-covid-19-a-tiaret-la-police-salue-la-comprehension-des-citoyens","status":"publish","type":"post","link":"https:\/\/linitiative.ca\/International\/mesures-contre-le-covid-19-a-tiaret-la-police-salue-la-comprehension-des-citoyens\/","title":{"rendered":"MESURES CONTRE LE COVID-19 A TIARET : La police salue la compr\u00e9hension des citoyens"},"content":{"rendered":"<p><br id=\"sep_para_1\" class=\"sep_para access\"\/><\/p>\n<div id=\"para_1\" class=\"para_37206899 resize\">\n<div class=\"texte access firstletter\">L&rsquo;observation des mesures de confinement a \u00e9t\u00e9 vivement salu\u00e9e par les diff\u00e9rents services de police, relevant de la s\u00fbret\u00e9 de wilaya de Tiaret, qui \u00e0 leur tour ont distribu\u00e9 des bavettes, tout en multipliant les op\u00e9rations de sensibilisation \u00e0 travers tout le territoire de la wilaya d\u00e9pendant de la comp\u00e9tence territoriale, lit-on dans un communiqu\u00e9 de presse adress\u00e9 \u00e0 notre r\u00e9daction par les services de la cellule de communication. Le bilan d\u00e9livr\u00e9, dans ce sens, a \u00e9t\u00e9 \u00e9loquent, comparativement \u00e0 la synth\u00e8se des activit\u00e9s polici\u00e8res ou l&rsquo;on apprend qu&rsquo;un contr\u00f4le d&rsquo;identit\u00e9 a cibl\u00e9 146 personnes, avec la mise en fourri\u00e8re de 24 voitures et de 14 motocyclettes, ainsi que le recensement de 112 violations des r\u00e8gles de confinement, refl\u00e9t\u00e9es par des rassemblements de plus de 2 personnes ainsi que le non-respect des mesures de distanciation .Parall\u00e8lement \u00e0 ces activit\u00e9s visant la stricte application des r\u00e8gles de confinement, les services de police, ont rendu visite \u00e0 la maison des personnes \u00e2g\u00e9es ainsi qu&rsquo;au centre de l&rsquo;enfance en d\u00e9tresse, lit-on toujours dans le communiqu\u00e9.<\/div>\n<\/div>\n<p>Auteur: Abdelkader Benrebiha<br \/>\n<a href=\"https:\/\/www.reflexiondz.net\/MESURES-CONTRE-LE-COVID-19-A-TIARET-La-police-salue-la-comprehension-des-citoyens_a62982.html\">Cliquez ici pour lire l&rsquo;article depuis sa source.<\/a><\/p>\n","protected":false},"excerpt":{"rendered":"<p>L&rsquo;observation des mesures de confinement a \u00e9t\u00e9 vivement salu\u00e9e par les diff\u00e9rents services de police, relevant de la s\u00fbret\u00e9 de wilaya de Tiaret, qui \u00e0 leur tour ont distribu\u00e9 des bavettes, tout en multipliant les op\u00e9rations de sensibilisation \u00e0 travers tout le territoire de la wilaya d\u00e9pendant de la comp\u00e9tence territoriale, lit-on dans un communiqu\u00e9 [&hellip;]<\/p>\n","protected":false},"author":1740,"featured_media":0,"comment_status":"closed","ping_status":"closed","sticky":false,"template":"","format":"standard","meta":{"fifu_image_url":"","fifu_image_alt":"","footnotes":""},"categories":[53,76],"tags":[],"class_list":["post-87186","post","type-post","status-publish","format-standard","hentry","category-algerie","category-regions"],"_links":{"self":[{"href":"https:\/\/linitiative.ca\/International\/wp-json\/wp\/v2\/posts\/87186","targetHints":{"allow":["GET"]}}],"collection":[{"href":"https:\/\/linitiative.ca\/International\/wp-json\/wp\/v2\/posts"}],"about":[{"href":"https:\/\/linitiative.ca\/International\/wp-json\/wp\/v2\/types\/post"}],"author":[{"embeddable":true,"href":"https:\/\/linitiative.ca\/International\/wp-json\/wp\/v2\/users\/1740"}],"replies":[{"embeddable":true,"href":"https:\/\/linitiative.ca\/International\/wp-json\/wp\/v2\/comments?post=87186"}],"version-history":[{"count":0,"href":"https:\/\/linitiative.ca\/International\/wp-json\/wp\/v2\/posts\/87186\/revisions"}],"wp:attachment":[{"href":"https:\/\/linitiative.ca\/International\/wp-json\/wp\/v2\/media?parent=87186"}],"wp:term":[{"taxonomy":"category","embeddable":true,"href":"https:\/\/linitiative.ca\/International\/wp-json\/wp\/v2\/categories?post=87186"},{"taxonomy":"post_tag","embeddable":true,"href":"https:\/\/linitiative.ca\/International\/wp-json\/wp\/v2\/tags?post=87186"}],"curies":[{"name":"wp","href":"https:\/\/api.w.org\/{rel}","templated":true}]}}