{"id":87191,"date":"2020-05-29T11:58:15","date_gmt":"2020-05-29T15:58:15","guid":{"rendered":"https:\/\/linitiative.ca\/International\/105559-le-mjs-et-le-coa-decides-a-travailler-dans-un-climat-de-serenite\/"},"modified":"2020-05-29T11:58:15","modified_gmt":"2020-05-29T15:58:15","slug":"105559-le-mjs-et-le-coa-decides-a-travailler-dans-un-climat-de-serenite","status":"publish","type":"post","link":"https:\/\/linitiative.ca\/International\/105559-le-mjs-et-le-coa-decides-a-travailler-dans-un-climat-de-serenite\/","title":{"rendered":"<div>Le MJS et le COA d\u00e9cid\u00e9s \u00e0 travailler dans un \u00ab\u00a0climat de s\u00e9r\u00e9nit\u00e9\u00a0\u00bb<\/div>"},"content":{"rendered":"<p><span class=\"sp-nh-title\">Covid19: 137 nouveaux cas, 145 gu\u00e9risons et 8 d\u00e9c\u00e8s en Alg\u00e9rie durant les derni\u00e8res 24h<\/span> &#8211; <span class=\"sp-nh-date\">vendredi 29 mai 2020 17:25<\/span><\/p>\n<p><span class=\"sp-nh-title\">L&rsquo;Afrique du Sud alerte le Conseil de s\u00e9curit\u00e9 sur les violations marocaines au Sahara occidental<\/span> &#8211; <span class=\"sp-nh-date\">vendredi 29 mai 2020 17:19<\/span><\/p>\n<p><span class=\"sp-nh-title\">Diplomate y\u00e9m\u00e9nite: le Maroc n&rsquo;a aucune souverainet\u00e9 sur le Sahara occidental<\/span> &#8211; <span class=\"sp-nh-date\">vendredi 29 mai 2020 17:15<\/span><\/p>\n<p><span class=\"sp-nh-title\">Le MJS et le COA d\u00e9cid\u00e9s \u00e0 travailler dans un climat de s\u00e9r\u00e9nit\u00e9<\/span> &#8211; <span class=\"sp-nh-date\">vendredi 29 mai 2020 16:58<\/span><\/p>\n<p><span class=\"sp-nh-title\">D\u00e9c\u00e8s de Abderhamane El Youssoufi: une \u00e9toile du Grand Maghreb s\u2019\u00e9teint<\/span> &#8211; <span class=\"sp-nh-date\">vendredi 29 mai 2020 16:49<\/span><\/p>\n<p><span class=\"sp-nh-title\">Le massacre des Ouffia \u00e0 El-Harrach (Alger): un crime qui r\u00e9v\u00e8le la barbarie de la France coloniale<\/span> &#8211; <span class=\"sp-nh-date\">vendredi 29 mai 2020 16:38<\/span><\/p>\n<p><span class=\"sp-nh-title\">Guerre de lib\u00e9ration: des crimes rendus c\u00e9l\u00e8bres suite aux aveux de leurs auteurs<\/span> &#8211; <span class=\"sp-nh-date\">vendredi 29 mai 2020 16:33<\/span><\/p>\n<p><span class=\"sp-nh-title\">Affaire d&rsquo;enregistrement sonore: les pr\u00e9sidents de l&rsquo;USB et du CABBA convoqu\u00e9s<\/span> &#8211; <span class=\"sp-nh-date\">vendredi 29 mai 2020 16:27<\/span><\/p>\n<p><span class=\"sp-nh-title\">Covid19-Championnat d&rsquo;Alg\u00e9rie: Medouar sceptique sur une \u00e9ventuelle reprise<\/span> &#8211; <span class=\"sp-nh-date\">vendredi 29 mai 2020 16:15<\/span><\/p>\n<p><span class=\"sp-nh-title\">La prison rouge de Ferdjioua (Mila), t\u00e9moin de la barbarie de la France coloniale<\/span> &#8211; <span class=\"sp-nh-date\">vendredi 29 mai 2020 16:01<\/span><\/p>\n<p><span class=\"sp-nh-title\">Essais nucl\u00e9aires: une illustration des crimes fran\u00e7ais contre l\u2019homme et la nature<\/span> &#8211; <span class=\"sp-nh-date\">vendredi 29 mai 2020 15:52<\/span><\/p>\n<p><span class=\"sp-nh-title\">Coronavirus: la COP26 pour le climat repouss\u00e9e \u00e0 fin 2021<\/span> &#8211; <span class=\"sp-nh-date\">vendredi 29 mai 2020 15:43<\/span><\/p>\n<p><span class=\"sp-nh-title\">Covid-19: pr\u00e8s de 322.000 b\u00e9n\u00e9ficiaires de l&rsquo;allocation de solidarit\u00e9<\/span> &#8211; <span class=\"sp-nh-date\">vendredi 29 mai 2020 15:20<\/span><\/p>\n<p><span class=\"sp-nh-title\">Covid 19-Soir\u00e9e artistique \u00e0 Oran: 5 personnes sous contr\u00f4le judiciaire<\/span> &#8211; <span class=\"sp-nh-date\">vendredi 29 mai 2020 15:08<\/span><\/p>\n<p><span class=\"sp-nh-title\">Commercialisation des masques: des facilitations pour les chefs d\u2019ateliers de confection<\/span> &#8211; <span class=\"sp-nh-date\">vendredi 29 mai 2020 14:28<\/span><\/p>\n<p><span class=\"sp-nh-title\">Covid19: Djerad pour l\u2019all\u00e8gement de la dette des pays en d\u00e9veloppement<\/span> &#8211; <span class=\"sp-nh-date\">vendredi 29 mai 2020 14:25<\/span><\/p>\n<p><span class=\"sp-nh-title\">D\u00e9c\u00e8s de Guy Bedos: un artiste \u00e9pris de justice s&rsquo;en va<\/span> &#8211; <span class=\"sp-nh-date\">vendredi 29 mai 2020 13:22<\/span><\/p>\n<p><span class=\"sp-nh-title\">Djerad participe \u00e0 une r\u00e9union de haut niveau sur le financement du d\u00e9veloppement \u00e0 l\u2019\u00e8re du Covid-19<\/span> &#8211; <span class=\"sp-nh-date\">vendredi 29 mai 2020 12:23<\/span><\/p>\n<p><span class=\"sp-nh-title\">Skikda-Annaba\/Covid19: Bourbala s&rsquo;enquiert de l&rsquo;application du plan pr\u00e9ventif<\/span> &#8211; <span class=\"sp-nh-date\">jeudi 28 mai 2020 20:06<\/span><\/p>\n<p><span class=\"sp-nh-title\">PC: 23.000 op\u00e9rations de d\u00e9sinfection des \u00e9tablissements du 1e mars au 27 mai<\/span> &#8211; <span class=\"sp-nh-date\">jeudi 28 mai 2020 20:04<\/span><\/p>\n<p>Auteur:<br \/>\n<a href=\"http:\/\/www.aps.dz\/sport\/105559-le-mjs-et-le-coa-decides-a-travailler-dans-un-climat-de-serenite?utm_source=feedburner&#038;utm_medium=feed&#038;utm_campaign=Feed%3A+aps-sport+%28APS+-+SPORT%29\">Cliquez ici pour lire l&rsquo;article depuis sa source.<\/a><\/p>\n","protected":false},"excerpt":{"rendered":"<p>Covid19: 137 nouveaux cas, 145 gu\u00e9risons et 8 d\u00e9c\u00e8s en Alg\u00e9rie durant les derni\u00e8res 24h &#8211; vendredi 29 mai 2020 17:25 L&rsquo;Afrique du Sud alerte le Conseil de s\u00e9curit\u00e9 sur les violations marocaines au Sahara occidental &#8211; vendredi 29 mai 2020 17:19 Diplomate y\u00e9m\u00e9nite: le Maroc n&rsquo;a aucune souverainet\u00e9 sur le Sahara occidental &#8211; vendredi [&hellip;]<\/p>\n","protected":false},"author":1790,"featured_media":0,"comment_status":"closed","ping_status":"closed","sticky":false,"template":"","format":"standard","meta":{"fifu_image_url":"","fifu_image_alt":"","footnotes":""},"categories":[53,75],"tags":[],"class_list":["post-87191","post","type-post","status-publish","format-standard","hentry","category-algerie","category-sport"],"_links":{"self":[{"href":"https:\/\/linitiative.ca\/International\/wp-json\/wp\/v2\/posts\/87191","targetHints":{"allow":["GET"]}}],"collection":[{"href":"https:\/\/linitiative.ca\/International\/wp-json\/wp\/v2\/posts"}],"about":[{"href":"https:\/\/linitiative.ca\/International\/wp-json\/wp\/v2\/types\/post"}],"author":[{"embeddable":true,"href":"https:\/\/linitiative.ca\/International\/wp-json\/wp\/v2\/users\/1790"}],"replies":[{"embeddable":true,"href":"https:\/\/linitiative.ca\/International\/wp-json\/wp\/v2\/comments?post=87191"}],"version-history":[{"count":0,"href":"https:\/\/linitiative.ca\/International\/wp-json\/wp\/v2\/posts\/87191\/revisions"}],"wp:attachment":[{"href":"https:\/\/linitiative.ca\/International\/wp-json\/wp\/v2\/media?parent=87191"}],"wp:term":[{"taxonomy":"category","embeddable":true,"href":"https:\/\/linitiative.ca\/International\/wp-json\/wp\/v2\/categories?post=87191"},{"taxonomy":"post_tag","embeddable":true,"href":"https:\/\/linitiative.ca\/International\/wp-json\/wp\/v2\/tags?post=87191"}],"curies":[{"name":"wp","href":"https:\/\/api.w.org\/{rel}","templated":true}]}}