{"id":87213,"date":"2020-05-29T14:33:05","date_gmt":"2020-05-29T18:33:05","guid":{"rendered":"https:\/\/linitiative.ca\/International\/coronavirus-71-nouveaux-cas-vendredi-a-18-heures-7714-cas-cumules\/"},"modified":"2020-05-29T14:33:05","modified_gmt":"2020-05-29T18:33:05","slug":"coronavirus-71-nouveaux-cas-vendredi-a-18-heures-7714-cas-cumules","status":"publish","type":"post","link":"https:\/\/linitiative.ca\/International\/coronavirus-71-nouveaux-cas-vendredi-a-18-heures-7714-cas-cumules\/","title":{"rendered":"Coronavirus : 71 nouveaux cas vendredi \u00e0 18 heures, 7714 cas cumul\u00e9s"},"content":{"rendered":"<p><strong>Voici le nouveau bilan du minist\u00e8re de la Sant\u00e9.<\/strong><\/p>\n<div class=\"c10\"\/>\n<p>71 nouveaux cas de contamination au coronavirus ont \u00e9t\u00e9 enregistr\u00e9s ces derni\u00e8res 24 heures, portant le bilan total des cas positifs \u00e0 7714. Le nombre des d\u00e9c\u00e8s est de 202, contre 5271 gu\u00e9risons.<\/p>\n<div class=\"c17\">\n<fieldset class=\"c16\">\n<legend><strong><span class=\"c11\">Challenge<\/span><span class=\"c12\">news<\/span><\/strong><\/legend>\n<div class=\"c15\">Le meilleur de Challenge s\u00e9lectionn\u00e9 par la r\u00e9daction :<\/p>\n<\/div>\n<\/fieldset>\n<\/div>\n<p>Auteur: Roland Amoussou<br \/>\n<a href=\"https:\/\/www.challenge.ma\/coronavirus-71-nouveaux-cas-vendredi-a-18-heures-7714-cas-cumules-142304\/\">Cliquez ici pour lire l&rsquo;article depuis sa source.<\/a><\/p>\n","protected":false},"excerpt":{"rendered":"<p>Voici le nouveau bilan du minist\u00e8re de la Sant\u00e9. 71 nouveaux cas de contamination au coronavirus ont \u00e9t\u00e9 enregistr\u00e9s ces derni\u00e8res 24 heures, portant le bilan total des cas positifs \u00e0 7714. Le nombre des d\u00e9c\u00e8s est de 202, contre 5271 gu\u00e9risons. Challengenews Le meilleur de Challenge s\u00e9lectionn\u00e9 par la r\u00e9daction : Auteur: Roland Amoussou [&hellip;]<\/p>\n","protected":false},"author":1787,"featured_media":0,"comment_status":"closed","ping_status":"closed","sticky":false,"template":"","format":"standard","meta":{"fifu_image_url":"","fifu_image_alt":"","footnotes":""},"categories":[78,54],"tags":[],"class_list":["post-87213","post","type-post","status-publish","format-standard","hentry","category-economie","category-maroc"],"_links":{"self":[{"href":"https:\/\/linitiative.ca\/International\/wp-json\/wp\/v2\/posts\/87213","targetHints":{"allow":["GET"]}}],"collection":[{"href":"https:\/\/linitiative.ca\/International\/wp-json\/wp\/v2\/posts"}],"about":[{"href":"https:\/\/linitiative.ca\/International\/wp-json\/wp\/v2\/types\/post"}],"author":[{"embeddable":true,"href":"https:\/\/linitiative.ca\/International\/wp-json\/wp\/v2\/users\/1787"}],"replies":[{"embeddable":true,"href":"https:\/\/linitiative.ca\/International\/wp-json\/wp\/v2\/comments?post=87213"}],"version-history":[{"count":0,"href":"https:\/\/linitiative.ca\/International\/wp-json\/wp\/v2\/posts\/87213\/revisions"}],"wp:attachment":[{"href":"https:\/\/linitiative.ca\/International\/wp-json\/wp\/v2\/media?parent=87213"}],"wp:term":[{"taxonomy":"category","embeddable":true,"href":"https:\/\/linitiative.ca\/International\/wp-json\/wp\/v2\/categories?post=87213"},{"taxonomy":"post_tag","embeddable":true,"href":"https:\/\/linitiative.ca\/International\/wp-json\/wp\/v2\/tags?post=87213"}],"curies":[{"name":"wp","href":"https:\/\/api.w.org\/{rel}","templated":true}]}}