{"id":87229,"date":"2020-05-29T16:18:09","date_gmt":"2020-05-29T20:18:09","guid":{"rendered":"https:\/\/linitiative.ca\/International\/maroc-arrestation-de-12-subsahariens-pour-une-affaire-de-meurtre\/"},"modified":"2020-05-29T16:18:09","modified_gmt":"2020-05-29T20:18:09","slug":"maroc-arrestation-de-12-subsahariens-pour-une-affaire-de-meurtre","status":"publish","type":"post","link":"https:\/\/linitiative.ca\/International\/maroc-arrestation-de-12-subsahariens-pour-une-affaire-de-meurtre\/","title":{"rendered":"Maroc\u00a0: Arrestation de 12 subsahariens pour une affaire de meurtre"},"content":{"rendered":"<div readability=\"32\">\n<p>Publi\u00e9 le 29.05.2020 \u00e0 21h18 par APA News<\/p>\n<\/div>\n<div readability=\"54\">\n<p>Les services s\u00e9curitaires de la ville de Mekn\u00e8s, au nord du Maroc, ont arr\u00eat\u00e9 12 ressortissants subsahariens, dont deux femmes, pour leur implication soup\u00e7onn\u00e9e dans une affaire de coups et blessures \u00e0 l\u2019arme blanche ayant entra\u00een\u00e9 la mort d\u2019un citoyen africain, indique un communiqu\u00e9 de la Direction g\u00e9n\u00e9rale de la s\u00fbret\u00e9 nationale (DGSN).Selon le communiqu\u00e9, un diff\u00e9rend entre une citoyenne africaine et la victime a tourn\u00e9 en une agression physique \u00e0 l\u2019aide d\u2019une arme blanche qui a entra\u00een\u00e9 sa mort \u00e0 son arriv\u00e9e aux urgences , notant qu\u2019une op\u00e9ration de s\u00e9curit\u00e9 sur le terrain a permis l\u2019arrestation de tous les suspects et la saisie de l\u2019arme blanche utilis\u00e9e dans ce crime.<\/p>\n<p>Parmi les personnes arr\u00eat\u00e9es, deux \u00e9taient directement impliqu\u00e9es dans la cet acte criminel, tandis que les autres d\u00e9tenus sont soup\u00e7onn\u00e9s d\u2019avoir particip\u00e9 \u00e0 l\u2019agression et aux violences port\u00e9es \u00e0 la victime, selon les premi\u00e8res investigations.<\/p>\n<p>Les suspects ont \u00e9t\u00e9 plac\u00e9s en garde \u00e0 vue \u00e0 la disposition de l\u2019enqu\u00eate judiciaire ordonn\u00e9e par le parquet comp\u00e9tent pour jeter la lumi\u00e8re sur les dessous de cette affaire, conclut la m\u00eame source.<\/p>\n<\/div>\n<p>Auteur: APA News<br \/>\n<a href=\"https:\/\/www.journalducameroun.com\/maroc-arrestation-de-12-subsahariens-pour-une-affaire-de-meurtre\/\">Cliquez ici pour lire l&rsquo;article depuis sa source.<\/a><\/p>\n","protected":false},"excerpt":{"rendered":"<p>Publi\u00e9 le 29.05.2020 \u00e0 21h18 par APA News Les services s\u00e9curitaires de la ville de Mekn\u00e8s, au nord du Maroc, ont arr\u00eat\u00e9 12 ressortissants subsahariens, dont deux femmes, pour leur implication soup\u00e7onn\u00e9e dans une affaire de coups et blessures \u00e0 l\u2019arme blanche ayant entra\u00een\u00e9 la mort d\u2019un citoyen africain, indique un communiqu\u00e9 de la Direction [&hellip;]<\/p>\n","protected":false},"author":1965,"featured_media":0,"comment_status":"closed","ping_status":"closed","sticky":false,"template":"","format":"standard","meta":{"fifu_image_url":"","fifu_image_alt":"","footnotes":""},"categories":[73,82],"tags":[],"class_list":["post-87229","post","type-post","status-publish","format-standard","hentry","category-actualite","category-cameroun"],"_links":{"self":[{"href":"https:\/\/linitiative.ca\/International\/wp-json\/wp\/v2\/posts\/87229","targetHints":{"allow":["GET"]}}],"collection":[{"href":"https:\/\/linitiative.ca\/International\/wp-json\/wp\/v2\/posts"}],"about":[{"href":"https:\/\/linitiative.ca\/International\/wp-json\/wp\/v2\/types\/post"}],"author":[{"embeddable":true,"href":"https:\/\/linitiative.ca\/International\/wp-json\/wp\/v2\/users\/1965"}],"replies":[{"embeddable":true,"href":"https:\/\/linitiative.ca\/International\/wp-json\/wp\/v2\/comments?post=87229"}],"version-history":[{"count":0,"href":"https:\/\/linitiative.ca\/International\/wp-json\/wp\/v2\/posts\/87229\/revisions"}],"wp:attachment":[{"href":"https:\/\/linitiative.ca\/International\/wp-json\/wp\/v2\/media?parent=87229"}],"wp:term":[{"taxonomy":"category","embeddable":true,"href":"https:\/\/linitiative.ca\/International\/wp-json\/wp\/v2\/categories?post=87229"},{"taxonomy":"post_tag","embeddable":true,"href":"https:\/\/linitiative.ca\/International\/wp-json\/wp\/v2\/tags?post=87229"}],"curies":[{"name":"wp","href":"https:\/\/api.w.org\/{rel}","templated":true}]}}