{"id":87230,"date":"2020-05-29T16:18:10","date_gmt":"2020-05-29T20:18:10","guid":{"rendered":"https:\/\/linitiative.ca\/International\/le-maroc-represente-par-quatre-membres-au-sein-du-comite-international-olympique\/"},"modified":"2020-05-29T16:18:10","modified_gmt":"2020-05-29T20:18:10","slug":"le-maroc-represente-par-quatre-membres-au-sein-du-comite-international-olympique","status":"publish","type":"post","link":"https:\/\/linitiative.ca\/International\/le-maroc-represente-par-quatre-membres-au-sein-du-comite-international-olympique\/","title":{"rendered":"Le Maroc repr\u00e9sent\u00e9 par quatre membres au sein du Comit\u00e9 International Olympique"},"content":{"rendered":"<div readability=\"32\">\n<p>Publi\u00e9 le 29.05.2020 \u00e0 21h18 par APA News<\/p>\n<\/div>\n<div readability=\"63\">\n<p>Le Comit\u00e9 International Olympique (CIO) compte quatre membres marocains au sein de ses commissions pour l\u2019ann\u00e9e 2020, a annonc\u00e9 l\u2019instance internationale.<\/p>\n<p>\u00a0Ainsi la pr\u00e9sidente de f\u00e9d\u00e9ration royale marocaine de volley-ball, Bouchra Hajij, si\u00e9gera \u00e0 la Commission Culture et patrimoine olympique, tandis que l\u2019ancien athl\u00e8te marocain Hicham El Guerrouj a \u00e9t\u00e9 d\u00e9sign\u00e9 membre de la Commission Entourage des athl\u00e8tes, et le vice-pr\u00e9sident du Comit\u00e9 National Olympique Marocain, Kamal Lahou, sera membre de la commission marketing, a indiqu\u00e9 le CIO sur son site internet.<\/p>\n<p>La composition des commissions du Comit\u00e9 International Olympique pour 2020, qui est \u00e9tablie par le pr\u00e9sident du CIO en \u00e9troite collaboration avec la Commission Ex\u00e9cutive du CIO, comprend \u00e9galement la nomination de la championne Olympique Marocaine, Nawal Moutawakel qui si\u00e9gera dans quatre commissions.<\/p>\n<p>Membre du Comit\u00e9 ex\u00e9cutif du CIO depuis 1997, la Marocaine a \u00e9t\u00e9 d\u00e9sign\u00e9e membre des Commissions Affaires publiques et D\u00e9veloppement social par le sport, Communication, Coordination des 4\u00e8 Jeux Olympiques de la Jeunesse Dakar 2022 et Coordination des Jeux de la XXXIV\u00e8 Olympiade de Los Angeles 2028, a fait savoir la m\u00eame source.<\/p>\n<\/div>\n<p>Auteur: APA News<br \/>\n<a href=\"https:\/\/www.journalducameroun.com\/le-maroc-represente-par-quatre-membres-au-sein-du-comite-international-olympique\/\">Cliquez ici pour lire l&rsquo;article depuis sa source.<\/a><\/p>\n","protected":false},"excerpt":{"rendered":"<p>Publi\u00e9 le 29.05.2020 \u00e0 21h18 par APA News Le Comit\u00e9 International Olympique (CIO) compte quatre membres marocains au sein de ses commissions pour l\u2019ann\u00e9e 2020, a annonc\u00e9 l\u2019instance internationale. \u00a0Ainsi la pr\u00e9sidente de f\u00e9d\u00e9ration royale marocaine de volley-ball, Bouchra Hajij, si\u00e9gera \u00e0 la Commission Culture et patrimoine olympique, tandis que l\u2019ancien athl\u00e8te marocain Hicham El [&hellip;]<\/p>\n","protected":false},"author":1965,"featured_media":0,"comment_status":"closed","ping_status":"closed","sticky":false,"template":"","format":"standard","meta":{"fifu_image_url":"","fifu_image_alt":"","footnotes":""},"categories":[73,82],"tags":[],"class_list":["post-87230","post","type-post","status-publish","format-standard","hentry","category-actualite","category-cameroun"],"_links":{"self":[{"href":"https:\/\/linitiative.ca\/International\/wp-json\/wp\/v2\/posts\/87230","targetHints":{"allow":["GET"]}}],"collection":[{"href":"https:\/\/linitiative.ca\/International\/wp-json\/wp\/v2\/posts"}],"about":[{"href":"https:\/\/linitiative.ca\/International\/wp-json\/wp\/v2\/types\/post"}],"author":[{"embeddable":true,"href":"https:\/\/linitiative.ca\/International\/wp-json\/wp\/v2\/users\/1965"}],"replies":[{"embeddable":true,"href":"https:\/\/linitiative.ca\/International\/wp-json\/wp\/v2\/comments?post=87230"}],"version-history":[{"count":0,"href":"https:\/\/linitiative.ca\/International\/wp-json\/wp\/v2\/posts\/87230\/revisions"}],"wp:attachment":[{"href":"https:\/\/linitiative.ca\/International\/wp-json\/wp\/v2\/media?parent=87230"}],"wp:term":[{"taxonomy":"category","embeddable":true,"href":"https:\/\/linitiative.ca\/International\/wp-json\/wp\/v2\/categories?post=87230"},{"taxonomy":"post_tag","embeddable":true,"href":"https:\/\/linitiative.ca\/International\/wp-json\/wp\/v2\/tags?post=87230"}],"curies":[{"name":"wp","href":"https:\/\/api.w.org\/{rel}","templated":true}]}}