{"id":87231,"date":"2020-05-29T17:18:04","date_gmt":"2020-05-29T21:18:04","guid":{"rendered":"https:\/\/linitiative.ca\/International\/covid-19-letat-durgence-encore-prolonge-au-senegal\/"},"modified":"2020-05-29T17:18:04","modified_gmt":"2020-05-29T21:18:04","slug":"covid-19-letat-durgence-encore-prolonge-au-senegal","status":"publish","type":"post","link":"https:\/\/linitiative.ca\/International\/covid-19-letat-durgence-encore-prolonge-au-senegal\/","title":{"rendered":"Covid-19: l\u2019\u00e9tat d\u2019urgence encore prolong\u00e9 au S\u00e9n\u00e9gal"},"content":{"rendered":"<div readability=\"32\">\n<p>Publi\u00e9 le 29.05.2020 \u00e0 22h18 par APA News<\/p>\n<\/div>\n<div readability=\"51\">\n<p>Le pr\u00e9sident de la R\u00e9publique Macky Sall a prorog\u00e9, pour une dur\u00e9e de 30 jours l\u2019\u00e9tat d\u2019urgence d\u00e9cr\u00e9t\u00e9 depuis le 23 mars dernier pour faire face \u00e0 la pand\u00e9mie du coronavirus.Ce nouveau\u00a0d\u00e9cret pr\u00e9sidentiel, sign\u00e9 ce vendredi par le pr\u00e9sident Macky Sall, doit \u00eatre mis en ex\u00e9cution\u00a0par le Ministre de l\u2019Int\u00e9rieur selon le document parvenu \u00e0 APA.<\/p>\n<p>Quid du couvre-feu fix\u00e9 de 21 heures \u00e0 05 heures? Aly Ngouille Ndiaye devrait se prononcer au plus tard mardi selon certaines m\u00e9dias dans un arr\u00eat\u00e9 pour d\u00e9cider du maintien, de sa lev\u00e9e ou de son all\u00e8gement.\u00a0<\/p>\n<p>L\u2019etat d\u2019urgence avait \u00e9t\u00e9 d\u00e9j\u00e0 prolong\u00e9 le 3 mai dernier pour la m\u00eame dur\u00e9e<\/p>\n<p>A ce jour, 3429 cas ont \u00e9t\u00e9 d\u00e9clar\u00e9s positifs au S\u00e9n\u00e9gal dont 1738 gu\u00e9ris, 41 d\u00e9c\u00e9d\u00e9s, 01 \u00e9vacu\u00e9 et 1649 sous traitement.<\/p>\n<\/div>\n<p>Auteur: APA News<br \/>\n<a href=\"https:\/\/www.journalducameroun.com\/covid-19-letat-durgence-encore-prolonge-au-senegal\/\">Cliquez ici pour lire l&rsquo;article depuis sa source.<\/a><\/p>\n","protected":false},"excerpt":{"rendered":"<p>Publi\u00e9 le 29.05.2020 \u00e0 22h18 par APA News Le pr\u00e9sident de la R\u00e9publique Macky Sall a prorog\u00e9, pour une dur\u00e9e de 30 jours l\u2019\u00e9tat d\u2019urgence d\u00e9cr\u00e9t\u00e9 depuis le 23 mars dernier pour faire face \u00e0 la pand\u00e9mie du coronavirus.Ce nouveau\u00a0d\u00e9cret pr\u00e9sidentiel, sign\u00e9 ce vendredi par le pr\u00e9sident Macky Sall, doit \u00eatre mis en ex\u00e9cution\u00a0par le [&hellip;]<\/p>\n","protected":false},"author":1965,"featured_media":0,"comment_status":"closed","ping_status":"closed","sticky":false,"template":"","format":"standard","meta":{"fifu_image_url":"","fifu_image_alt":"","footnotes":""},"categories":[73,82],"tags":[],"class_list":["post-87231","post","type-post","status-publish","format-standard","hentry","category-actualite","category-cameroun"],"_links":{"self":[{"href":"https:\/\/linitiative.ca\/International\/wp-json\/wp\/v2\/posts\/87231","targetHints":{"allow":["GET"]}}],"collection":[{"href":"https:\/\/linitiative.ca\/International\/wp-json\/wp\/v2\/posts"}],"about":[{"href":"https:\/\/linitiative.ca\/International\/wp-json\/wp\/v2\/types\/post"}],"author":[{"embeddable":true,"href":"https:\/\/linitiative.ca\/International\/wp-json\/wp\/v2\/users\/1965"}],"replies":[{"embeddable":true,"href":"https:\/\/linitiative.ca\/International\/wp-json\/wp\/v2\/comments?post=87231"}],"version-history":[{"count":0,"href":"https:\/\/linitiative.ca\/International\/wp-json\/wp\/v2\/posts\/87231\/revisions"}],"wp:attachment":[{"href":"https:\/\/linitiative.ca\/International\/wp-json\/wp\/v2\/media?parent=87231"}],"wp:term":[{"taxonomy":"category","embeddable":true,"href":"https:\/\/linitiative.ca\/International\/wp-json\/wp\/v2\/categories?post=87231"},{"taxonomy":"post_tag","embeddable":true,"href":"https:\/\/linitiative.ca\/International\/wp-json\/wp\/v2\/tags?post=87231"}],"curies":[{"name":"wp","href":"https:\/\/api.w.org\/{rel}","templated":true}]}}