{"id":87235,"date":"2020-05-30T08:34:32","date_gmt":"2020-05-30T12:34:32","guid":{"rendered":"https:\/\/linitiative.ca\/International\/coronavirus-les-operateurs-de-la-logistique-sondes\/"},"modified":"2020-05-30T08:34:32","modified_gmt":"2020-05-30T12:34:32","slug":"coronavirus-les-operateurs-de-la-logistique-sondes","status":"publish","type":"post","link":"https:\/\/linitiative.ca\/International\/coronavirus-les-operateurs-de-la-logistique-sondes\/","title":{"rendered":"Coronavirus : Les op\u00e9rateurs de la logistique sond\u00e9s"},"content":{"rendered":"<header>\n<div class=\"entry-post-meta\">\n<p>Date\u00a0:<time content=\"2020-05-30T12:34:32+00:00\" class=\"entry-date updated\" datetime=\"2020-05-30T12:34:32+00:00\">mai 30, 2020<\/time><\/p>\n<\/div>\n<\/header>\n<div class=\"entry-content clearfix\" readability=\"58\"><img decoding=\"async\" class=\"post_layout_5_img\" src=\"http:\/\/aujourdhui.ma\/wp-content\/uploads\/2020\/05\/logistique-usine-.jpg\" alt=\"Coronavirus : Les op&#xE9;rateurs de la logistique sond&#xE9;s\"\/><\/p>\n<p><span class=\"c7\"><strong>Un questionnaire a \u00e9t\u00e9 diffus\u00e9 pour recueillir les donn\u00e9es sur la situation<\/strong><\/span><br \/><span id=\"more-346191\"\/><\/p>\n<p>Les responsables sont \u00e0 la recherche de donn\u00e9es relatives \u00e0 l\u2019activit\u00e9 du secteur du transport et de la logistique durant le premier trimestre 2020 et leurs avis et suggestions par rapport aux mesures prises ou \u00e0 entreprendre afin de mieux cerner l\u2019effet de cette pand\u00e9mie. Pour ce faire, un questionnaire a \u00e9t\u00e9 envoy\u00e9 aux op\u00e9rateurs. \u00abLe monde entier conna\u00eet une crise sanitaire qui ne sera certainement pas sans r\u00e9percussions sur l\u2019\u00e9conomie mondiale. En effet, avec l\u2019adoption par la quasi-totalit\u00e9 des \u00c9tats dans le monde de strat\u00e9gies et de mesures restrictives et exceptionnelles ayant abouti \u00e0 des confinements g\u00e9n\u00e9raux, plusieurs secteurs d\u2019activit\u00e9s ont \u00e9t\u00e9 n\u00e9gativement impact\u00e9s\u00bb, apprend-on aupr\u00e8s des initiateurs de la d\u00e9marche.<\/p>\n<p>\u00abLe Maroc ne fait pas exception car des secteurs comme le tourisme, l\u2019automobile, le textile et celui des services subissent les cons\u00e9quences de cette crise sanitaire. De par sa transversalit\u00e9 et son omnipr\u00e9sence dans les diff\u00e9rentes cha\u00eenes de valeur de l\u2019\u00e9conomie nationale, le secteur de la logistique au Maroc n\u2019a pas \u00e9t\u00e9 \u00e9pargn\u00e9 par cette crise sanitaire et se retrouve amen\u00e9 \u00e0 s\u2019adapter et \u00e0 se mobiliser pour att\u00e9nuer les externalit\u00e9s de ladite crise sur les tissus \u00e9conomique et social du pays\u00bb, ajoute la m\u00eame source.<\/p>\n<p>Concr\u00e8tement et pour appr\u00e9hender de fa\u00e7on plus objective les effets de la crise du Covid-19 sur le secteur de la logistique au Maroc, l\u2019Agence marocaine de d\u00e9veloppement de la logistique (AMDL) et l\u2019Observatoire marocain de la comp\u00e9titivit\u00e9 logistique (OMCL) en partenariat avec la Commission comp\u00e9titivit\u00e9 logistique et \u00e9nerg\u00e9tique de la CGEM et la F\u00e9d\u00e9ration du transport et de la logistique de la CGEM ont \u00e9tabli un questionnaire pour recueillir, aupr\u00e8s des op\u00e9rateurs logistiques, des donn\u00e9es relatives \u00e0 l\u2019activit\u00e9 du secteur du transport et de la logistique durant le premier trimestre 2020 et leurs avis et suggestions par rapport aux mesures prises ou \u00e0 entreprendre afin de mieux cerner l\u2019effet de cette pand\u00e9mie.<\/p>\n<\/div>\n<p>Auteur: Mohamed Badrane<br \/>\n<a href=\"https:\/\/aujourdhui.ma\/economie\/coronavirus-les-operateurs-de-la-logistique-sondes\">Cliquez ici pour lire l&rsquo;article depuis sa source.<\/a><\/p>\n","protected":false},"excerpt":{"rendered":"<p>Date\u00a0:mai 30, 2020 Un questionnaire a \u00e9t\u00e9 diffus\u00e9 pour recueillir les donn\u00e9es sur la situation Les responsables sont \u00e0 la recherche de donn\u00e9es relatives \u00e0 l\u2019activit\u00e9 du secteur du transport et de la logistique durant le premier trimestre 2020 et leurs avis et suggestions par rapport aux mesures prises ou \u00e0 entreprendre afin de mieux [&hellip;]<\/p>\n","protected":false},"author":1759,"featured_media":87236,"comment_status":"closed","ping_status":"closed","sticky":false,"template":"","format":"standard","meta":{"fifu_image_url":"","fifu_image_alt":"","footnotes":""},"categories":[73,54],"tags":[],"class_list":["post-87235","post","type-post","status-publish","format-standard","has-post-thumbnail","hentry","category-actualite","category-maroc"],"_links":{"self":[{"href":"https:\/\/linitiative.ca\/International\/wp-json\/wp\/v2\/posts\/87235","targetHints":{"allow":["GET"]}}],"collection":[{"href":"https:\/\/linitiative.ca\/International\/wp-json\/wp\/v2\/posts"}],"about":[{"href":"https:\/\/linitiative.ca\/International\/wp-json\/wp\/v2\/types\/post"}],"author":[{"embeddable":true,"href":"https:\/\/linitiative.ca\/International\/wp-json\/wp\/v2\/users\/1759"}],"replies":[{"embeddable":true,"href":"https:\/\/linitiative.ca\/International\/wp-json\/wp\/v2\/comments?post=87235"}],"version-history":[{"count":0,"href":"https:\/\/linitiative.ca\/International\/wp-json\/wp\/v2\/posts\/87235\/revisions"}],"wp:featuredmedia":[{"embeddable":true,"href":"https:\/\/linitiative.ca\/International\/wp-json\/"}],"wp:attachment":[{"href":"https:\/\/linitiative.ca\/International\/wp-json\/wp\/v2\/media?parent=87235"}],"wp:term":[{"taxonomy":"category","embeddable":true,"href":"https:\/\/linitiative.ca\/International\/wp-json\/wp\/v2\/categories?post=87235"},{"taxonomy":"post_tag","embeddable":true,"href":"https:\/\/linitiative.ca\/International\/wp-json\/wp\/v2\/tags?post=87235"}],"curies":[{"name":"wp","href":"https:\/\/api.w.org\/{rel}","templated":true}]}}