{"id":87257,"date":"2020-05-30T05:24:49","date_gmt":"2020-05-30T09:24:49","guid":{"rendered":"https:\/\/linitiative.ca\/International\/rencontres-dediees-au-service-dorientation-a-distance\/"},"modified":"2020-05-30T05:24:49","modified_gmt":"2020-05-30T09:24:49","slug":"rencontres-dediees-au-service-dorientation-a-distance","status":"publish","type":"post","link":"https:\/\/linitiative.ca\/International\/rencontres-dediees-au-service-dorientation-a-distance\/","title":{"rendered":"Rencontres d\u00e9di\u00e9es au service d\u2019orientation \u00e0 distance"},"content":{"rendered":"<div readability=\"35\">\n<p>Marrakech \u2013 La Direction provinciale du minist\u00e8re de l\u2019Education Nationale \u00e0 Marrakech a proc\u00e9d\u00e9 au lancement d\u2019une s\u00e9rie de rencontres interactives au profit des apprenants et de leurs parents, en vue d\u2019assurer la continuit\u00e9 du service d\u2019orientation \u00e0 distance.<\/p>\n<\/div>\n<div readability=\"84\">\n<p>Ces r\u00e9unions sont encadr\u00e9es par une pl\u00e9iade de cadres d\u2019orientation p\u00e9dagogique relevant de ladite Direction provinciale, qui vont fournir les explications n\u00e9cessaires et r\u00e9pondre aux questions des \u00e9l\u00e8ves et de leurs parents concernant l\u2019op\u00e9ration d\u2019orientation scolaire et professionnelle.<\/p>\n<p>Le processus d\u2019orientation cible le cycle secondaire coll\u00e9gial (3-\u00e8me ann\u00e9e), le cycle secondaire qualifiant (tronc commun) et le post-baccalaur\u00e9at, en pr\u00e9sentant des informations et des \u00e9claircissements sur certaines proc\u00e9dures li\u00e9es au syst\u00e8me d\u2019examen et d\u2019\u00e9valuation.<\/p>\n<p>A cette occasion, le directeur provincial du minist\u00e8re de l\u2019Education Nationale \u00e0 Marrakech, Mohamed Belkorchi, a indiqu\u00e9 que les services d\u2019orientation scolaire et professionnelle rev\u00eatent une importance particuli\u00e8re dans l\u2019op\u00e9ration de scolarisation, notant qu\u2019en ces circonstances exceptionnelles, la Direction provinciale de l\u2019Education Nationale a d\u00e9cid\u00e9 d\u2019assurer la continuit\u00e9 de ces services \u00e0 travers des rencontres interactives en ligne.<\/p>\n<p>Les cadres d\u2019orientation pr\u00e9senteront toutes les informations relatives \u00e0 l\u2019orientation via les pages Facebook ou par t\u00e9l\u00e9phone, selon un emploi du temps bien d\u00e9fini pour r\u00e9pondre \u00e0 toutes les questions des \u00e9l\u00e8ves et de leurs parents, a-t-il relev\u00e9.<\/p>\n<p>La garantie des services d\u2019assistance et d\u2019orientation s\u2019inscrit dans le cadre de la continuit\u00e9 de l\u2019activit\u00e9 p\u00e9dagogique \u00e9nonc\u00e9e par le minist\u00e8re de l\u2019\u00c9ducation Nationale, depuis le 16 mars dernier, suite \u00e0 la suspension des cours en pr\u00e9sentiel et la poursuite de l\u2019enseignement \u00e0 distance via les plateformes virtuelles et des cours t\u00e9l\u00e9vis\u00e9s, a-t-il rappel\u00e9.<\/p>\n<p>De son c\u00f4t\u00e9, le chef de service d\u2019encadrement des \u00e9tablissements scolaires et d\u2019orientation, Ettaqi Hajir, a soulign\u00e9 que cette ann\u00e9e, l\u2019op\u00e9ration d\u2019orientation sera num\u00e9rique par excellence via le syst\u00e8me \u00e9lectronique de gestion scolaire \u00ab\u00a0Massar\u00a0\u00bb, selon trois phases.<\/p>\n<p>La premi\u00e8re \u00e9tape (du 27 mai au 05 juin) comprend la mise \u00e0 disposition du mot de passe et du code \u00ab\u00a0Massar\u00a0\u00bb, la deuxi\u00e8me phase qui s\u2019\u00e9tend du 06 au 20 juin prochain concernera la formulation des demandes d\u2019orientation avec l\u2019aide et l\u2019accompagnement des cadres d\u2019orientation p\u00e9dagogique \u00e0 distance, alors que lors de la troisi\u00e8me phase pr\u00e9vue du 20 juin au 04 juillet prochains, les \u00e9tablissements scolaires formeront des comit\u00e9s pour d\u00e9cider des choix des \u00e9l\u00e8ves et ce avant le 18 juillet, a-t-il tenu \u00e0 expliquer en guise de conclusion.<\/p>\n<\/div>\n<p>Auteur: Meriem IGASS<br \/>\n<a href=\"http:\/\/www.mapmarrakech.ma\/fr\/rencontres-dediees-a-la-continuite-du-service-dorientation-a-distance\/\">Cliquez ici pour lire l&rsquo;article depuis sa source.<\/a><\/p>\n","protected":false},"excerpt":{"rendered":"<p>Marrakech \u2013 La Direction provinciale du minist\u00e8re de l\u2019Education Nationale \u00e0 Marrakech a proc\u00e9d\u00e9 au lancement d\u2019une s\u00e9rie de rencontres interactives au profit des apprenants et de leurs parents, en vue d\u2019assurer la continuit\u00e9 du service d\u2019orientation \u00e0 distance. Ces r\u00e9unions sont encadr\u00e9es par une pl\u00e9iade de cadres d\u2019orientation p\u00e9dagogique relevant de ladite Direction provinciale, [&hellip;]<\/p>\n","protected":false},"author":1788,"featured_media":0,"comment_status":"closed","ping_status":"closed","sticky":false,"template":"","format":"standard","meta":{"fifu_image_url":"","fifu_image_alt":"","footnotes":""},"categories":[54,76],"tags":[],"class_list":["post-87257","post","type-post","status-publish","format-standard","hentry","category-maroc","category-regions"],"_links":{"self":[{"href":"https:\/\/linitiative.ca\/International\/wp-json\/wp\/v2\/posts\/87257","targetHints":{"allow":["GET"]}}],"collection":[{"href":"https:\/\/linitiative.ca\/International\/wp-json\/wp\/v2\/posts"}],"about":[{"href":"https:\/\/linitiative.ca\/International\/wp-json\/wp\/v2\/types\/post"}],"author":[{"embeddable":true,"href":"https:\/\/linitiative.ca\/International\/wp-json\/wp\/v2\/users\/1788"}],"replies":[{"embeddable":true,"href":"https:\/\/linitiative.ca\/International\/wp-json\/wp\/v2\/comments?post=87257"}],"version-history":[{"count":0,"href":"https:\/\/linitiative.ca\/International\/wp-json\/wp\/v2\/posts\/87257\/revisions"}],"wp:attachment":[{"href":"https:\/\/linitiative.ca\/International\/wp-json\/wp\/v2\/media?parent=87257"}],"wp:term":[{"taxonomy":"category","embeddable":true,"href":"https:\/\/linitiative.ca\/International\/wp-json\/wp\/v2\/categories?post=87257"},{"taxonomy":"post_tag","embeddable":true,"href":"https:\/\/linitiative.ca\/International\/wp-json\/wp\/v2\/tags?post=87257"}],"curies":[{"name":"wp","href":"https:\/\/api.w.org\/{rel}","templated":true}]}}