{"id":87260,"date":"2020-05-30T08:07:38","date_gmt":"2020-05-30T12:07:38","guid":{"rendered":"https:\/\/linitiative.ca\/International\/retour-a-gmt1-au-maroc-le-dimanche-31-mai\/"},"modified":"2020-05-30T08:07:38","modified_gmt":"2020-05-30T12:07:38","slug":"retour-a-gmt1-au-maroc-le-dimanche-31-mai","status":"publish","type":"post","link":"https:\/\/linitiative.ca\/International\/retour-a-gmt1-au-maroc-le-dimanche-31-mai\/","title":{"rendered":"Retour \u00e0 GMT+1 au Maroc le dimanche 31 mai"},"content":{"rendered":"<div class=\"single-featured\"><img alt=\"\" data-src=\"http:\/\/www.mapmarrakech.ma\/map\/uploads\/2020\/05\/horloge.jpg\"\/><\/div>\n<div class=\"single-post-excerpt post-excerpt-bc\" readability=\"32\">\n<p>Le Maroc va repasser \u00e0 GMT+1 le dimanche 31 mai \u00e0 02H00.<\/p>\n<\/div>\n<div class=\"entry-content clearfix single-post-content\" readability=\"45\">\n<p class=\"c5\">Les Marocains sont appel\u00e9s \u00e0 avancer de 60 minutes leurs horloges dimanche \u00e0 02h00.<\/p>\n<p class=\"c5\">Le minist\u00e8re de l\u2019\u00c9conomie, des Finance et de la R\u00e9forme de l\u2019Administration avait d\u00e9cid\u00e9, dimanche 19 avril dernier \u00e0 03H00, le retour \u00e0 l\u2019heure GMT \u00e0 l\u2019occasion du Ramadan, pr\u00e9cisant qu\u2019apr\u00e8s le mois sacr\u00e9 l\u2019heure l\u00e9gale du Royaume sera avanc\u00e9e de 60 minutes (GMT +1) le dimanche 31 mai 2020 \u00e0 02h00.<\/p>\n<p class=\"c5\">Cette mesure intervient en application de l\u2019article 2 du d\u00e9cret n\u00b0 2.18.855 publi\u00e9 le 16 Safar 1440 (26 octobre 2018), relatif \u00e0 l\u2019heure l\u00e9gale.<\/p>\n<\/div>\n<p>Auteur: Meriem IGASS<br \/>\n<a href=\"http:\/\/www.mapmarrakech.ma\/fr\/retour-a-gmt1-au-maroc-le-dimanche-31-mai\/\">Cliquez ici pour lire l&rsquo;article depuis sa source.<\/a><\/p>\n","protected":false},"excerpt":{"rendered":"<p>Le Maroc va repasser \u00e0 GMT+1 le dimanche 31 mai \u00e0 02H00. Les Marocains sont appel\u00e9s \u00e0 avancer de 60 minutes leurs horloges dimanche \u00e0 02h00. Le minist\u00e8re de l\u2019\u00c9conomie, des Finance et de la R\u00e9forme de l\u2019Administration avait d\u00e9cid\u00e9, dimanche 19 avril dernier \u00e0 03H00, le retour \u00e0 l\u2019heure GMT \u00e0 l\u2019occasion du Ramadan, [&hellip;]<\/p>\n","protected":false},"author":1788,"featured_media":87261,"comment_status":"closed","ping_status":"closed","sticky":false,"template":"","format":"standard","meta":{"fifu_image_url":"","fifu_image_alt":"","footnotes":""},"categories":[54,76],"tags":[],"class_list":["post-87260","post","type-post","status-publish","format-standard","has-post-thumbnail","hentry","category-maroc","category-regions"],"_links":{"self":[{"href":"https:\/\/linitiative.ca\/International\/wp-json\/wp\/v2\/posts\/87260","targetHints":{"allow":["GET"]}}],"collection":[{"href":"https:\/\/linitiative.ca\/International\/wp-json\/wp\/v2\/posts"}],"about":[{"href":"https:\/\/linitiative.ca\/International\/wp-json\/wp\/v2\/types\/post"}],"author":[{"embeddable":true,"href":"https:\/\/linitiative.ca\/International\/wp-json\/wp\/v2\/users\/1788"}],"replies":[{"embeddable":true,"href":"https:\/\/linitiative.ca\/International\/wp-json\/wp\/v2\/comments?post=87260"}],"version-history":[{"count":0,"href":"https:\/\/linitiative.ca\/International\/wp-json\/wp\/v2\/posts\/87260\/revisions"}],"wp:featuredmedia":[{"embeddable":true,"href":"https:\/\/linitiative.ca\/International\/wp-json\/"}],"wp:attachment":[{"href":"https:\/\/linitiative.ca\/International\/wp-json\/wp\/v2\/media?parent=87260"}],"wp:term":[{"taxonomy":"category","embeddable":true,"href":"https:\/\/linitiative.ca\/International\/wp-json\/wp\/v2\/categories?post=87260"},{"taxonomy":"post_tag","embeddable":true,"href":"https:\/\/linitiative.ca\/International\/wp-json\/wp\/v2\/tags?post=87260"}],"curies":[{"name":"wp","href":"https:\/\/api.w.org\/{rel}","templated":true}]}}