{"id":87263,"date":"2020-05-30T07:55:22","date_gmt":"2020-05-30T11:55:22","guid":{"rendered":"https:\/\/linitiative.ca\/International\/illizi-fort-polignac-temoin-materiel-de-la-cruaute-du-colonialisme-francais\/"},"modified":"2020-05-30T07:55:22","modified_gmt":"2020-05-30T11:55:22","slug":"illizi-fort-polignac-temoin-materiel-de-la-cruaute-du-colonialisme-francais","status":"publish","type":"post","link":"https:\/\/linitiative.ca\/International\/illizi-fort-polignac-temoin-materiel-de-la-cruaute-du-colonialisme-francais\/","title":{"rendered":"Illizi : Fort Polignac, t\u00e9moin mat\u00e9riel de la cruaut\u00e9 du colonialisme fran\u00e7ais"},"content":{"rendered":"<div readability=\"36\">\n<p><strong>ILLIZI- Le fort d&rsquo;Illizi, ex \u00ab\u00a0Fort-Polignac\u00a0\u00bb, demeure un t\u00e9moin mat\u00e9riel inscrivant dans l&rsquo;Histoire les pratiques des plus cruelles du colonialisme fran\u00e7ais contre aussi bien les moudjahidine que la population sans d\u00e9fense dans cette r\u00e9gion du Tassili.<\/strong><\/p>\n<\/div>\n<div readability=\"75.710382513661\">\n<p>Le fort, qui avait servi de centre de d\u00e9tention et de torture, est le t\u00e9moin de la pure et indescriptible brutalit\u00e9 de l&rsquo;occupant fran\u00e7ais \u00e0 l&rsquo;encontre de la population, une brutalit\u00e9 exerc\u00e9e entre les murs du fort, ses ge\u00f4les et salles d&rsquo;exaction, contre des hommes d\u00e9fendant leur patrie, selon des t\u00e9moignages conserv\u00e9s par le bureau de la conservation du patrimoine culturel et historique \u00e0 la direction des Moudjahidine de la wilaya d&rsquo;Illizi.<\/p>\n<blockquote readability=\"8\">\n<p><em><strong>Rencontr\u00e9 par l&rsquo;APS, le moudjahid Hadj Djeriri Said a relat\u00e9 avec une grande amertume l&rsquo;atrocit\u00e9 des tortures physiques et psychologiques \u00ab\u00a0inhumaines\u00a0\u00bb que les forces coloniales ont fait subir dans ce lieu sinistre aux populations locales refusant la soumission.<\/strong><\/em><\/p>\n<\/blockquote>\n<p>L&rsquo;immense \u00e9tendue du Sahara et ses reliefs difficiles a amen\u00e9 les autorit\u00e9s coloniales \u00e0 \u00e9difier des tours de contr\u00f4le afin de dominer la r\u00e9gion et d&rsquo;observer le mouvement des moudjahidine, pour en faire des centres strat\u00e9giques de contr\u00f4le et d&rsquo;observation de tout mouvement ou offensive des populations locales dans le Tassili, a soutenu M. Djeriri, qui avait rejoint la R\u00e9volution \u00e0 l&rsquo;\u00e2ge de 17 ans.<\/p>\n<hr\/>\n<h3 class=\"allmode-title\">Lire aussi:\u00a0<a href=\"\/proxy\/39e577f1\/http\/www.aps.dz\/algerie\/105574-les-crimes-du-17-octobre-1961-a-paris-un-des-plus-grands-massacres-de-civils-en-europe-au-20eme-siecle\">Crimes du 17 octobre 1961 \u00e0 Paris : un des plus grands massacres de civils en Europe au 20\u00e8 si\u00e8cle<\/a><\/h3>\n<hr\/>\n<p>Dress\u00e9 sur une surface globale de 2.764 m2 sur un monticule, de forme rectangulaire et avec des mat\u00e9riaux locaux, le fort a \u00e9t\u00e9 \u00e9difi\u00e9 par les autorit\u00e9s coloniales en deux phases, la premi\u00e8re entre 1908 et 1914, et la seconde de 1914 \u00e0 1926, pour servir \u00e9galement de site d&rsquo;observation, avec des tours \u00e0 ses quatre coins et deux grandes tours m\u00e9talliques en fa\u00e7ade avant.<\/p>\n<blockquote readability=\"12\">\n<p><em><strong>Renfermant des galeries souterraines utilis\u00e9es comme issues de secours durant la seconde guerre mondiale, le fort a servi aussi de centre de liaison avec les zones de Bordj Omar-Driss, Bordj El-Haou\u00e8s et Djanet, avant d&rsquo;\u00eatre transform\u00e9 en si\u00e8ge de commandement des positions militaires coloniales d\u00e9ploy\u00e9es dans la r\u00e9gion, puis en centre de d\u00e9tention et de torture d&rsquo;un grand nombre de moudjahidine et de militants<\/strong><\/em>.<\/p>\n<\/blockquote>\n<p>Apr\u00e8s l&rsquo;ind\u00e9pendance, le centre a \u00e9t\u00e9 exploit\u00e9 comme caserne militaire jusqu&rsquo;\u00e0 1992, avant d&rsquo;\u00eatre confi\u00e9, en 1996, au minist\u00e8re de la Culture qui lui a consacr\u00e9 une \u00e9tude de restauration. En 2010, le fort a \u00e9t\u00e9 class\u00e9 monument historique national.<\/p>\n<blockquote readability=\"6\">\n<p><em><strong>Les autorit\u00e9s locales ont sugg\u00e9r\u00e9 l&rsquo;exploitation de ce site en Centre de recherches concernant l&rsquo;\u00e8re pr\u00e9historique dans la r\u00e9gion du Tassili-N&rsquo;Ajjer.<\/strong><\/em><\/p>\n<\/blockquote>\n<hr\/>\n<h3 class=\"c32\"><span class=\"c31\"><span class=\"c30\">Lire aussi:\u00a0<a href=\"https:\/\/41.110.185.2\/proxy\/0f27edc9\/http\/www.aps.dz\/regions\/105576-le-centre-de-torture-de-touggourt-une-des-sombres-pages-de-la-presence-coloniale-francaise\">Le centre de torture de Touggourt : une des sombres pages de la pr\u00e9sence coloniale fran\u00e7aise<\/a><\/span><\/span><\/h3>\n<hr\/>\n<p>Le monument constitue l&rsquo;un des importants sites touristiques de la wilaya et accueille de nombreux visiteurs, aussi bien des chercheurs que des touristes.<\/p>\n<\/div>\n<p>Auteur:<br \/>\n<a href=\"http:\/\/www.aps.dz\/regions\/105575-illizi-fort-polignac-temoin-materiel-de-la-cruaute-du-colonialisme-francais\">Cliquez ici pour lire l&rsquo;article depuis sa source.<\/a><\/p>\n","protected":false},"excerpt":{"rendered":"<p>ILLIZI- Le fort d&rsquo;Illizi, ex \u00ab\u00a0Fort-Polignac\u00a0\u00bb, demeure un t\u00e9moin mat\u00e9riel inscrivant dans l&rsquo;Histoire les pratiques des plus cruelles du colonialisme fran\u00e7ais contre aussi bien les moudjahidine que la population sans d\u00e9fense dans cette r\u00e9gion du Tassili. Le fort, qui avait servi de centre de d\u00e9tention et de torture, est le t\u00e9moin de la pure et [&hellip;]<\/p>\n","protected":false},"author":1790,"featured_media":0,"comment_status":"closed","ping_status":"closed","sticky":false,"template":"","format":"standard","meta":{"fifu_image_url":"","fifu_image_alt":"","footnotes":""},"categories":[53,76],"tags":[],"class_list":["post-87263","post","type-post","status-publish","format-standard","hentry","category-algerie","category-regions"],"_links":{"self":[{"href":"https:\/\/linitiative.ca\/International\/wp-json\/wp\/v2\/posts\/87263","targetHints":{"allow":["GET"]}}],"collection":[{"href":"https:\/\/linitiative.ca\/International\/wp-json\/wp\/v2\/posts"}],"about":[{"href":"https:\/\/linitiative.ca\/International\/wp-json\/wp\/v2\/types\/post"}],"author":[{"embeddable":true,"href":"https:\/\/linitiative.ca\/International\/wp-json\/wp\/v2\/users\/1790"}],"replies":[{"embeddable":true,"href":"https:\/\/linitiative.ca\/International\/wp-json\/wp\/v2\/comments?post=87263"}],"version-history":[{"count":0,"href":"https:\/\/linitiative.ca\/International\/wp-json\/wp\/v2\/posts\/87263\/revisions"}],"wp:attachment":[{"href":"https:\/\/linitiative.ca\/International\/wp-json\/wp\/v2\/media?parent=87263"}],"wp:term":[{"taxonomy":"category","embeddable":true,"href":"https:\/\/linitiative.ca\/International\/wp-json\/wp\/v2\/categories?post=87263"},{"taxonomy":"post_tag","embeddable":true,"href":"https:\/\/linitiative.ca\/International\/wp-json\/wp\/v2\/tags?post=87263"}],"curies":[{"name":"wp","href":"https:\/\/api.w.org\/{rel}","templated":true}]}}