{"id":87295,"date":"2020-05-30T01:00:00","date_gmt":"2020-05-30T05:00:00","guid":{"rendered":"https:\/\/linitiative.ca\/International\/cooperation-algero-allemande-dans-la-formation-numerique\/"},"modified":"2020-05-30T01:00:00","modified_gmt":"2020-05-30T05:00:00","slug":"cooperation-algero-allemande-dans-la-formation-numerique","status":"publish","type":"post","link":"https:\/\/linitiative.ca\/International\/cooperation-algero-allemande-dans-la-formation-numerique\/","title":{"rendered":"Coop\u00e9ration alg\u00e9ro-allemande dans la formation num\u00e9rique"},"content":{"rendered":"<p>Une trentaine de jeunes Alg\u00e9riens ont \u00e9t\u00e9 form\u00e9s dans le cadre d\u2019un programme de d\u00e9veloppement des comp\u00e9tences num\u00e9riques, initi\u00e9 par la soci\u00e9t\u00e9 technologique allemande SAP et l&rsquo;agence de coop\u00e9ration internationale allemande pour le d\u00e9veloppement (GIZ) en partenariat avec l&rsquo;Agence nationale pour la promotion et le d\u00e9veloppement des parcs technologiques (ANPT), a indiqu\u00e9 samedi SAP dans un communiqu\u00e9.\u00a0<br \/>Baptis\u00e9e \u00abSAP Young Professional Program\u00bb, cette initiative de formation public-priv\u00e9 a pour objectif principal de \u00abd\u00e9velopper les comp\u00e9tences num\u00e9riques et de cr\u00e9er des opportunit\u00e9s de travail durables pour la jeunesse alg\u00e9rienne tout en soutenant la transformation num\u00e9rique des organisations en Alg\u00e9rie avec des talents qualifi\u00e9s\u00bb, explique la m\u00eame source. Il s\u2019agit d\u2019une premi\u00e8re promotion de 27 dipl\u00f4m\u00e9s qui ont pu, durant leur formation gratuite de trois mois, d\u00e9velopper leurs connaissances fonctionnelles et techniques, d\u00e9couvrir les derni\u00e8res innovations et outils permettant de contribuer \u00e0 conduire la transformation num\u00e9rique du pays.\u00a0<br \/>Une deuxi\u00e8me promotion, de 27 \u00e9l\u00e8ves \u00e9galement, vient de commencer sa formation, selon le communiqu\u00e9, pr\u00e9cisant que le programme SAP YPP cible les dipl\u00f4m\u00e9s brillants des universit\u00e9s en recherche d\u2019emploi et\/ou sous-employ\u00e9s.<br \/>Apr\u00e8s la r\u00e9ussite de leur programme de formation, les dipl\u00f4m\u00e9s peuvent saisir les opportunit\u00e9s d&#8217;emploi sur le march\u00e9 alg\u00e9rien d\u00e9finies par SAP aupr\u00e8s de ses clients et partenaires.<\/p>\n<p>Auteur:<br \/>\n<a href=\"https:\/\/www.lesoirdalgerie.com\/supplement-tic\/cooperation-algero-allemande-dans-la-formation-numerique-42757\">Cliquez ici pour lire l&rsquo;article depuis sa source.<\/a><\/p>\n","protected":false},"excerpt":{"rendered":"<p>Une trentaine de jeunes Alg\u00e9riens ont \u00e9t\u00e9 form\u00e9s dans le cadre d\u2019un programme de d\u00e9veloppement des comp\u00e9tences num\u00e9riques, initi\u00e9 par la soci\u00e9t\u00e9 technologique allemande SAP et l&rsquo;agence de coop\u00e9ration internationale allemande pour le d\u00e9veloppement (GIZ) en partenariat avec l&rsquo;Agence nationale pour la promotion et le d\u00e9veloppement des parcs technologiques (ANPT), a indiqu\u00e9 samedi SAP dans [&hellip;]<\/p>\n","protected":false},"author":1741,"featured_media":0,"comment_status":"closed","ping_status":"closed","sticky":false,"template":"","format":"standard","meta":{"fifu_image_url":"","fifu_image_alt":"","footnotes":""},"categories":[73,53],"tags":[],"class_list":["post-87295","post","type-post","status-publish","format-standard","hentry","category-actualite","category-algerie"],"_links":{"self":[{"href":"https:\/\/linitiative.ca\/International\/wp-json\/wp\/v2\/posts\/87295","targetHints":{"allow":["GET"]}}],"collection":[{"href":"https:\/\/linitiative.ca\/International\/wp-json\/wp\/v2\/posts"}],"about":[{"href":"https:\/\/linitiative.ca\/International\/wp-json\/wp\/v2\/types\/post"}],"author":[{"embeddable":true,"href":"https:\/\/linitiative.ca\/International\/wp-json\/wp\/v2\/users\/1741"}],"replies":[{"embeddable":true,"href":"https:\/\/linitiative.ca\/International\/wp-json\/wp\/v2\/comments?post=87295"}],"version-history":[{"count":0,"href":"https:\/\/linitiative.ca\/International\/wp-json\/wp\/v2\/posts\/87295\/revisions"}],"wp:attachment":[{"href":"https:\/\/linitiative.ca\/International\/wp-json\/wp\/v2\/media?parent=87295"}],"wp:term":[{"taxonomy":"category","embeddable":true,"href":"https:\/\/linitiative.ca\/International\/wp-json\/wp\/v2\/categories?post=87295"},{"taxonomy":"post_tag","embeddable":true,"href":"https:\/\/linitiative.ca\/International\/wp-json\/wp\/v2\/tags?post=87295"}],"curies":[{"name":"wp","href":"https:\/\/api.w.org\/{rel}","templated":true}]}}