{"id":87297,"date":"2020-05-30T01:00:00","date_gmt":"2020-05-30T05:00:00","guid":{"rendered":"https:\/\/linitiative.ca\/International\/le-ras-le-bol-des-abonnes\/"},"modified":"2020-05-30T01:00:00","modified_gmt":"2020-05-30T05:00:00","slug":"le-ras-le-bol-des-abonnes","status":"publish","type":"post","link":"https:\/\/linitiative.ca\/International\/le-ras-le-bol-des-abonnes\/","title":{"rendered":"Le ras-le-bol des abonn\u00e9s !"},"content":{"rendered":"<p>La perturbation et la saturation du r\u00e9seau du t\u00e9l\u00e9phone mobile pendant les jours de l\u2019A\u00efd El-Fitr ont \u00e9t\u00e9 d\u00e9nonc\u00e9es par les milliers d\u2019abonn\u00e9s des trois op\u00e9rateurs (Djezzy, Ooredoo et ATM Mobilis).\u00a0<br \/>Sur les r\u00e9seaux sociaux, les abonn\u00e9s s\u2019en sont pris aux diff\u00e9rents op\u00e9rateurs leur reprochant la mauvaise qualit\u00e9 du r\u00e9seau et surtout sa saturation durant les deux jours de l\u2019A\u00efd, que ce soit en voix (discussion) qu\u2019en data (internet).\u00a0<br \/>Chez les op\u00e9rateurs, on affirme que cette situation s\u2019explique par des congestions dans certaines zones \u00e0 cause de l\u2019augmentation de la consommation par rapport \u00e0 la demande existante. Les m\u00eames reproches ont \u00e9galement \u00e9t\u00e9 publi\u00e9s ces derniers temps, soit depuis le confinement caus\u00e9 par la pand\u00e9mie de Covid-19 r\u00e9cemment, par l\u2019Autorit\u00e9 de r\u00e9gulation de la poste et des communications \u00e9lectroniques (ARPCE), qui avait mis en demeure les trois op\u00e9rateurs de la t\u00e9l\u00e9phonie mobile afin de se conformer aux exigences de couverture et de qualit\u00e9 de service des r\u00e9seaux 4G.\u00a0<br \/>L\u2019ARPCE rappelle avoir effectu\u00e9, d\u00e9but mars dernier, une op\u00e9ration de contr\u00f4le et d\u2019\u00e9valuation de la couverture et de la qualit\u00e9 de service des r\u00e9seaux 4G des op\u00e9rateurs dans 5 wilayas (Blida, Djelfa, Tlemcen, Adrar et Constantine). Les r\u00e9sultats de ce contr\u00f4le, selon l\u2019ARPCE, ont fait ressortir que les trois op\u00e9rateurs n\u2019ont pas satisfait \u00e0 certaines exigences de couverture et de qualit\u00e9 de service des r\u00e9seaux 4G dans ces wilayas.\u00a0<br \/>Pour rappel, le parc de t\u00e9l\u00e9phonie mobile (GSM, 3G et 4G) en Alg\u00e9rie est d\u2019environ 46 millions au 31 d\u00e9cembre 2019.\u00a0<br \/>Ah. A.<\/p>\n<p>Auteur:<br \/>\n<a href=\"https:\/\/www.lesoirdalgerie.com\/supplement-tic\/le-ras-le-bol-des-abonnes-42755\">Cliquez ici pour lire l&rsquo;article depuis sa source.<\/a><\/p>\n","protected":false},"excerpt":{"rendered":"<p>La perturbation et la saturation du r\u00e9seau du t\u00e9l\u00e9phone mobile pendant les jours de l\u2019A\u00efd El-Fitr ont \u00e9t\u00e9 d\u00e9nonc\u00e9es par les milliers d\u2019abonn\u00e9s des trois op\u00e9rateurs (Djezzy, Ooredoo et ATM Mobilis).\u00a0Sur les r\u00e9seaux sociaux, les abonn\u00e9s s\u2019en sont pris aux diff\u00e9rents op\u00e9rateurs leur reprochant la mauvaise qualit\u00e9 du r\u00e9seau et surtout sa saturation durant les [&hellip;]<\/p>\n","protected":false},"author":1741,"featured_media":0,"comment_status":"closed","ping_status":"closed","sticky":false,"template":"","format":"standard","meta":{"fifu_image_url":"","fifu_image_alt":"","footnotes":""},"categories":[73,53],"tags":[],"class_list":["post-87297","post","type-post","status-publish","format-standard","hentry","category-actualite","category-algerie"],"_links":{"self":[{"href":"https:\/\/linitiative.ca\/International\/wp-json\/wp\/v2\/posts\/87297","targetHints":{"allow":["GET"]}}],"collection":[{"href":"https:\/\/linitiative.ca\/International\/wp-json\/wp\/v2\/posts"}],"about":[{"href":"https:\/\/linitiative.ca\/International\/wp-json\/wp\/v2\/types\/post"}],"author":[{"embeddable":true,"href":"https:\/\/linitiative.ca\/International\/wp-json\/wp\/v2\/users\/1741"}],"replies":[{"embeddable":true,"href":"https:\/\/linitiative.ca\/International\/wp-json\/wp\/v2\/comments?post=87297"}],"version-history":[{"count":0,"href":"https:\/\/linitiative.ca\/International\/wp-json\/wp\/v2\/posts\/87297\/revisions"}],"wp:attachment":[{"href":"https:\/\/linitiative.ca\/International\/wp-json\/wp\/v2\/media?parent=87297"}],"wp:term":[{"taxonomy":"category","embeddable":true,"href":"https:\/\/linitiative.ca\/International\/wp-json\/wp\/v2\/categories?post=87297"},{"taxonomy":"post_tag","embeddable":true,"href":"https:\/\/linitiative.ca\/International\/wp-json\/wp\/v2\/tags?post=87297"}],"curies":[{"name":"wp","href":"https:\/\/api.w.org\/{rel}","templated":true}]}}