{"id":87300,"date":"2020-05-29T19:53:12","date_gmt":"2020-05-29T23:53:12","guid":{"rendered":"https:\/\/linitiative.ca\/International\/coronavirus-la-deuxieme-vague-sera-economique\/"},"modified":"2020-05-29T19:53:12","modified_gmt":"2020-05-29T23:53:12","slug":"coronavirus-la-deuxieme-vague-sera-economique","status":"publish","type":"post","link":"https:\/\/linitiative.ca\/International\/coronavirus-la-deuxieme-vague-sera-economique\/","title":{"rendered":"Coronavirus : la deuxi\u00e8me vague sera \u00e9conomique"},"content":{"rendered":"<p><strong>Le d\u00e9confinement est amorc\u00e9 dans une grande majorit\u00e9 des pays de la plan\u00e8te. Malgr\u00e9 l\u2019impact du Coronavirus sur les \u00e9conomies de plusieurs pays, il va sans dire aujourd\u2019hui qu\u2019il est imp\u00e9ratif de red\u00e9marrer la machine au risque de sombrer dans une autre crise, \u00e9conomique cette fois-ci, plus aigu\u00eb que la crise sanitaire, et qui constituerait la deuxi\u00e8me vague tant redout\u00e9e de la pand\u00e9mie. Mehdi Hijaouy et Adil Mesbahi, experts en Intelligence Economique et Strat\u00e9gique, doublement dipl\u00f4m\u00e9s de l\u2019Ecole de Guerre Economique de Paris, et fondateurs du Washington Strategic Intelligence Center, d\u00e9cryptent la nature de cette \u00e9ventuelle deuxi\u00e8me vague de la pand\u00e9mie.<\/strong><\/p>\n<div class=\"c10\"\/>\n<p><strong>Challenge:<\/strong> <strong>Peut-on dire que la premi\u00e8re vague du coronavirus fut sanitaire pour tous les pays du monde ?<\/strong><\/p>\n<p><strong>Mehdi Hijaouy:<\/strong> Absolument, puisque nous sommes face \u00e0 une pand\u00e9mie. Premi\u00e8re vague sanitaire qui a test\u00e9 le niveau de pr\u00e9paration et la capacit\u00e9 de r\u00e9action des pays touch\u00e9s.\u00a0<\/p>\n<p><strong>Adil Mesbahi:<\/strong> A date, plus de 5 millions de personnes ont \u00e9t\u00e9 officiellement diagnostiqu\u00e9es positives au Coronavirus, parmi elles, on compte plus de 300.000 d\u00e9c\u00e8s. Et apr\u00e8s un pic mondial \u00e0 la mi-avril, la tendance actuelle est \u00e0 la r\u00e9gression de l\u2019\u00e9pid\u00e9mie, du moins pour cette premi\u00e8re vague, selon les \u00e9pid\u00e9miologistes, infectiologues et virologues. D\u2019ailleurs, ces sp\u00e9cialistes avaient unanimement indiqu\u00e9 depuis le d\u00e9but de la pand\u00e9mie, qu\u2019aucun traitement existant ne peut \u00eatre efficace \u00e0 100% contre un nouveau virus, et qu\u2019en l\u2019absence de traitement efficace, c\u2019est un vaccin qui peut le faire reculer, au mieux, sous plus ou moins 2 ans. Enfin, ces sp\u00e9cialistes estiment que le Coronavirus va probablement revenir tous les ans, sous une forme plus ou moins diff\u00e9rente, comme c\u2019est le cas du virus de la grippe saisonni\u00e8re.<\/p>\n<p><strong>Challenge:<\/strong> <strong>La crainte d\u2019une deuxi\u00e8me vague sanitaire post confinement est-elle fond\u00e9e ?<\/strong><\/p>\n<p><strong>M.H.:<\/strong> A ce jour, l\u2019Iran est le seul pays au monde qui a connu une deuxi\u00e8me vague de contaminations. Cette exception a toutefois une explication. En d\u00e9but de crise, la R\u00e9publique islamique avait sollicit\u00e9 un acc\u00e8s imm\u00e9diat \u00e0 l\u2019instrument de financement rapide du FMI, \u00e0 hauteur de 5 milliards de dollars, afin de faire face aux cons\u00e9quences de la crise. Toutefois, sa requ\u00eate n\u2019a pas \u00e9t\u00e9 satisfaite, \u00e0 cause de la politique de Trump vis-\u00e0-vis du r\u00e9gime iranien. R\u00e9sultat, malgr\u00e9 son lourd bilan humain, l\u2019Iran a privil\u00e9gi\u00e9 l\u2019\u00e9conomique sur le sanitaire, avec ce risque de rebond des contaminations, et cette deuxi\u00e8me vague singuli\u00e8re \u00e0 laquelle nous assistons.<\/p>\n<p><strong>Challenge:<\/strong> <strong>Quelle vague est la plus \u00e0 craindre, la sanitaire ou l\u2019\u00e9conomique ?<\/strong><\/p>\n<p><strong>A.M.:<\/strong> Rappelons que ce n\u2019est pas la hauteur d\u2019un tsunami qui fait sa force destructrice, mais sa longueur d\u2019onde. Aussi, la vague sanitaire a surpris par sa soudainet\u00e9 et son ampleur initiale, obligeant les syst\u00e8mes de sant\u00e9 des pays successivement touch\u00e9s de s\u2019adapter et d\u2019augmenter significativement leurs capacit\u00e9s. Toutefois, \u00e0 la diff\u00e9rence de la survenance brusque de la vague sanitaire, tous les pays ont vu venir la vague \u00e9conomique, puisque cons\u00e9cutive \u00e0 la sanitaire. Aussi, les mesures prises pour freiner la propagation du virus, notamment la strat\u00e9gie du confinement, ont donn\u00e9 du temps aux gouvernants pour mettre en place des plans de soutien socio\u00e9conomiques et des mesures de relance \u00e9conomiques.\u00a0<\/p>\n<p><strong>Challenge: Qu\u2019en est-il de l\u2019ampleur de cette vague \u00e9conomique \u00e0 venir ?<\/strong><\/p>\n<p><strong>M.H.:<\/strong> L\u2019ampleur de la vague \u00e9conomique \u00e0 venir peut se mesurer \u00e0 la hauteur des plans de soutien et de relance mis en face de cette crise par les Etats. Les premiers chiffres sont stratosph\u00e9riques ! Les Etats-Unis mobilisant 3.000 milliards de dollars, et l\u2019Union Europ\u00e9enne 1850 milliards d\u2019euros. Malgr\u00e9 cela, tous les \u00e9conomistes s\u2019accordent pour dire que ces efforts sont insuffisants pour inverser les r\u00e9cessions, \u00e9viter certaines faillites et l\u2019envol du ch\u00f4mage, tant que la pand\u00e9mie ne sera pas vaincue.\u00a0<\/p>\n<p><strong>A.M.:<\/strong> Examinons ensemble, les trois leviers macro\u00e9conomiques \u00e0 la disposition des Etats. D\u2019abord, la r\u00e9duction de la d\u00e9pense publique ne peut \u00eatre d\u2019actualit\u00e9, car la n\u00e9cessit\u00e9 est au soutien \u00e9conomique tous azimuts, plut\u00f4t qu\u2019aux coupes budg\u00e9taires. Ensuite, l\u2019augmentation de la recette publique ne peut \u00eatre d\u2019actualit\u00e9, car en temps de difficult\u00e9s socio\u00e9conomiques, toute pression fiscale est malvenue. Enfin, le recours \u00e0 la dette publique est l\u2019unique levier possible, r\u00e9sum\u00e9 par la formule prononc\u00e9e par Macron : <em>\u00ab Quoi qu\u2019il en co\u00fbte ! \u00bb.<\/em> \u00a0 \u00a0<\/p>\n<p><strong>Challenge:<\/strong> <strong>Qu\u2019en est-il de la Chine?<\/strong><\/p>\n<p><strong>A.M.:<\/strong> Faut-il rappeler que depuis la sortie de la seconde guerre mondiale, les Etats-Unis n\u2019ont pas quitt\u00e9 la place de premi\u00e8re puissance \u00e9conomique mondiale. Quant \u00e0 la Chine, arm\u00e9e de son soft power, elle a avanc\u00e9 masqu\u00e9e ces deux derni\u00e8res d\u00e9cennies. Jusqu\u2019\u00e0 la pr\u00e9sente crise, qui a r\u00e9v\u00e9l\u00e9 au monde entier un nouveau visage de la Chine, celui d\u2019une \u00ab puissance dangereuse \u00bb \u00e0 bien des \u00e9gards. Aussi, l\u2019actuelle inhabituelle f\u00e9brilit\u00e9 des gouvernants chinois trahit celle du parti unique craignant le pire pour l\u2019avenir. Crainte d\u2019un ralentissement \u00e9conomique durable rompant avec les taux de croissance insolents des ann\u00e9es pass\u00e9es. Et crainte de la non ma\u00eetrise des risques exog\u00e8nes, et des risques endog\u00e8nes, notamment celui du contr\u00f4le de l\u2019opinion publique. Risques amplifi\u00e9s durablement par la pr\u00e9sente crise. Enfin, en termes de lecture g\u00e9opolitique, la Chine vient d\u2019ouvrir un nouveau chapitre dans ses relations avec le reste du monde. Celui d\u2019une puissance agressive, rompant avec son usage de la puissance douce. Pour preuve, le ministre des Affaires \u00e9trang\u00e8res chinois qui parle ouvertement de guerre froide avec les Etats-Unis, et la nouvelle s\u00e9quence d\u2019ing\u00e9rence vis-\u00e0-vis de Hong Kong. Plus qu\u2019un bras de fer passager avec les Etats-Unis, un rapport de forces dur s\u2019est install\u00e9 dans la dur\u00e9e, d\u2019abord au sujet de la guerre \u00e9conomique, puis aujourd\u2019hui cette pand\u00e9mie.<\/p>\n<p><strong>Challenge:<\/strong> <strong>Et quid du Maroc ?<\/strong><\/p>\n<p><strong>M.H.:<\/strong> Avant de vous r\u00e9pondre, rappelons que le Royaume est cit\u00e9 en exemple dans sa gestion globale de la crise, et quelques unes de ses initiatives sont reprises. Parmi ses r\u00e9ussites son soft power des masques, ses nombreuses innovations conjoncturelles et ses actions de solidarit\u00e9 sociale. Aujourd\u2019hui, apr\u00e8s environ trois mois de crise, les chiffres parlent: le bilan sanitaire et le soutien socio\u00e9conomique aupr\u00e8s des plus fragiles. Grace notamment \u00e0 l\u2019initiative remarquable de Sa Majest\u00e9 le Roi Mohammed VI de donner vie au Fonds sp\u00e9cial pour lutter contre cette \u00e9pid\u00e9mie. Cela \u00e9tant dit, malgr\u00e9 nos bonnes r\u00e9actions sur le front sanitaire, socio\u00e9conomique et s\u00e9curitaire, nous ne sommes pas \u00e0 l\u2019abri de difficult\u00e9s \u00e0 l\u2019avenir. Qu\u2019elles soient sanitaires, \u00e9conomiques ou sociales, nous sommes toutefois confiants, car nous avons pens\u00e9 le temps long et nous nous sommes dot\u00e9s d\u2019une strat\u00e9gie offensive. Strat\u00e9gie nourrie par la vision de Sa Majest\u00e9 et ses priorit\u00e9s, en premier lieu, sa pr\u00e9occupation en mati\u00e8re de sant\u00e9 de ses sujets. \u00a0<\/p>\n<p><strong>Challenge:<\/strong> <strong>Vous affirmez que la deuxi\u00e8me vague sera \u00e9conomique, faut-il craindre une troisi\u00e8me ?<\/strong><\/p>\n<p><strong>A.M.:<\/strong> Si des vagues sanitaires et \u00e9conomiques sont toujours \u00e0 craindre, la plus \u00e0 craindre est la troisi\u00e8me vague, et elle sera sociale. Elle est la plus \u00e0 craindre car potentiellement d\u00e9stabilisatrice pour de nombreux pays. D\u2019ailleurs, de nombreux services de renseignements ont d\u00e9j\u00e0 alert\u00e9 leurs pays respectifs de la menace de troubles \u00e0 venir, r\u00e9sultants de la conjonction des difficult\u00e9s sanitaires et socio\u00e9conomiques.\u00a0<\/p>\n<p><strong>M.H.:<\/strong> A date, le Royaume est salu\u00e9 pour ses nombreuses initiatives nationales et r\u00e9gionales, impuls\u00e9es par Sa Majest\u00e9 le Roi Mohammed VI. Toutefois, au Maroc comme ailleurs, nous n\u2019en sommes qu\u2019au d\u00e9but de cette crise. Aussi, nous savons que le chemin sera long et jalonn\u00e9 de d\u00e9fis, comme nous savons que nous y ferons face collectivement, forts de ce qui nous unit, le triptyque: Dieu, Patrie, Roi.<\/p>\n<p><strong>Lisez gratuitement Challenge en version PDF en cliquant sur le lien suivant : <a href=\"https:\/\/emag.challenge.ma\/745\/mobile\/index.html\">https:\/\/emag.challenge.ma\/745\/mobile\/index.html<\/a><\/strong><\/p>\n<p><img loading=\"lazy\" decoding=\"async\" src=\"https:\/\/www.challenge.ma\/wp-content\/uploads\/2020\/05\/challenge-745-1-786x1024.jpg\" alt=\"\" class=\"wp-image-142181\" width=\"256\" height=\"333\" srcset=\"https:\/\/www.challenge.ma\/wp-content\/uploads\/2020\/05\/challenge-745-1-786x1024.jpg 786w, https:\/\/www.challenge.ma\/wp-content\/uploads\/2020\/05\/challenge-745-1-230x300.jpg 230w, https:\/\/www.challenge.ma\/wp-content\/uploads\/2020\/05\/challenge-745-1-768x1000.jpg 768w, https:\/\/www.challenge.ma\/wp-content\/uploads\/2020\/05\/challenge-745-1-360x469.jpg 360w, https:\/\/www.challenge.ma\/wp-content\/uploads\/2020\/05\/challenge-745-1-750x977.jpg 750w, https:\/\/www.challenge.ma\/wp-content\/uploads\/2020\/05\/challenge-745-1.jpg 1000w\" sizes=\"auto, (max-width: 256px) 100vw, 256px\"\/><\/p>\n<div class=\"c17\">\n<fieldset class=\"c16\">\n<legend><strong><span class=\"c11\">Challenge<\/span><span class=\"c12\">news<\/span><\/strong><\/legend>\n<div class=\"c15\">Le meilleur de Challenge s\u00e9lectionn\u00e9 par la r\u00e9daction :<\/p>\n<\/div>\n<\/fieldset>\n<\/div>\n<p>Auteur: challenge<br \/>\n<a href=\"https:\/\/www.challenge.ma\/coronavirus-la-deuxieme-vague-sera-economique-142356\/\">Cliquez ici pour lire l&rsquo;article depuis sa source.<\/a><\/p>\n","protected":false},"excerpt":{"rendered":"<p>Le d\u00e9confinement est amorc\u00e9 dans une grande majorit\u00e9 des pays de la plan\u00e8te. Malgr\u00e9 l\u2019impact du Coronavirus sur les \u00e9conomies de plusieurs pays, il va sans dire aujourd\u2019hui qu\u2019il est imp\u00e9ratif de red\u00e9marrer la machine au risque de sombrer dans une autre crise, \u00e9conomique cette fois-ci, plus aigu\u00eb que la crise sanitaire, et qui constituerait [&hellip;]<\/p>\n","protected":false},"author":1787,"featured_media":87301,"comment_status":"closed","ping_status":"closed","sticky":false,"template":"","format":"standard","meta":{"fifu_image_url":"","fifu_image_alt":"","footnotes":""},"categories":[78,54],"tags":[],"class_list":["post-87300","post","type-post","status-publish","format-standard","has-post-thumbnail","hentry","category-economie","category-maroc"],"_links":{"self":[{"href":"https:\/\/linitiative.ca\/International\/wp-json\/wp\/v2\/posts\/87300","targetHints":{"allow":["GET"]}}],"collection":[{"href":"https:\/\/linitiative.ca\/International\/wp-json\/wp\/v2\/posts"}],"about":[{"href":"https:\/\/linitiative.ca\/International\/wp-json\/wp\/v2\/types\/post"}],"author":[{"embeddable":true,"href":"https:\/\/linitiative.ca\/International\/wp-json\/wp\/v2\/users\/1787"}],"replies":[{"embeddable":true,"href":"https:\/\/linitiative.ca\/International\/wp-json\/wp\/v2\/comments?post=87300"}],"version-history":[{"count":0,"href":"https:\/\/linitiative.ca\/International\/wp-json\/wp\/v2\/posts\/87300\/revisions"}],"wp:featuredmedia":[{"embeddable":true,"href":"https:\/\/linitiative.ca\/International\/wp-json\/"}],"wp:attachment":[{"href":"https:\/\/linitiative.ca\/International\/wp-json\/wp\/v2\/media?parent=87300"}],"wp:term":[{"taxonomy":"category","embeddable":true,"href":"https:\/\/linitiative.ca\/International\/wp-json\/wp\/v2\/categories?post=87300"},{"taxonomy":"post_tag","embeddable":true,"href":"https:\/\/linitiative.ca\/International\/wp-json\/wp\/v2\/tags?post=87300"}],"curies":[{"name":"wp","href":"https:\/\/api.w.org\/{rel}","templated":true}]}}